{"id":2811,"date":"2022-07-13T17:18:13","date_gmt":"2022-07-13T17:18:13","guid":{"rendered":"https:\/\/dentistaemelysotorosa.com\/2022\/07\/13\/coroas-de-circonio-estetica-e-funcionalidade\/"},"modified":"2024-01-16T18:38:11","modified_gmt":"2024-01-16T18:38:11","slug":"coroas-de-circonio-estetica-e-funcionalidade","status":"publish","type":"post","link":"https:\/\/dentistaemelysotorosa.com\/gl\/2022\/07\/13\/coroas-de-circonio-estetica-e-funcionalidade\/","title":{"rendered":"Coroas de circonio: est\u00e9tica e funcionalidade"},"content":{"rendered":"\n<p>As coroas de zirconio son unha opci\u00f3n popular no mundo da odontolox\u00eda restauradora debido \u00e1 s\u00faa combinaci\u00f3n \u00fanica de est\u00e9tica e funcionalidade. Neste artigo, exploraremos en detalle que son as coroas de circonio, como se usan nos implantes dentais e como poden contribu\u00edr ao dese\u00f1o do teu sorriso. Toda a informaci\u00f3n presentada est\u00e1 apoiada por investigaci\u00f3ns e directrices das principais asociaci\u00f3ns de odontolox\u00eda.<\/p>\n\n<h2 class=\"wp-block-heading\"><strong>Coroas de circonio: que son e como funcionan?<\/strong><\/h2>\n\n<p>As coroas de circonio son pr\u00f3teses dentais personalizadas dese\u00f1adas para cubrir un dente ou un implante dental danados. O circonio \u00e9 un material cer\u00e1mico avanzado co\u00f1ecido pola s\u00faa resistencia, durabilidade e aparencia natural. Usando tecnolox\u00eda de punta, as coroas de circonio est\u00e1n dese\u00f1adas a medida para combinar perfectamente coa forma e a cor dos teus dentes naturais.<\/p>\n<style>.wp-block-kadence-advancedheading.kt-adv-heading2000_1c0c32-75, .wp-block-kadence-advancedheading.kt-adv-heading2000_1c0c32-75[data-kb-block=\"kb-adv-heading2000_1c0c32-75\"]{font-style:normal;}.wp-block-kadence-advancedheading.kt-adv-heading2000_1c0c32-75 mark.kt-highlight, .wp-block-kadence-advancedheading.kt-adv-heading2000_1c0c32-75[data-kb-block=\"kb-adv-heading2000_1c0c32-75\"] mark.kt-highlight{font-style:normal;color:#f76a0c;-webkit-box-decoration-break:clone;box-decoration-break:clone;padding-top:0px;padding-right:0px;padding-bottom:0px;padding-left:0px;}<\/style>\n<h2 class=\"kt-adv-heading2000_1c0c32-75 wp-block-kadence-advancedheading\" data-kb-block=\"kb-adv-heading2000_1c0c32-75\"><strong>Coroas de circonio sobre implantes: un axuste perfecto<\/strong><\/h2>\n\n<p>Cando se trata de implantes dentais, as coroas de circonio ofrecen un axuste excepcional. Grazas \u00e1 s\u00faa precisi\u00f3n de adaptaci\u00f3n, estas coroas int\u00e9granse harmoniosamente cos implantes, proporcionando estabilidade e funci\u00f3n masticatoria eficaz. Ademais, o seu aspecto natural e transl\u00facido perm\u00edtelles combinar cos dentes circundantes, acadando un resultado est\u00e9tico incomparable.<\/p>\n\n<figure class=\"wp-block-image size-large\"><img loading=\"lazy\" decoding=\"async\" width=\"1024\" height=\"683\" src=\"https:\/\/dentistaemelysotorosa.com\/wp-content\/uploads\/2022\/07\/Nina-en-oficina-de-dentista-1024x683.webp\" alt=\"\" class=\"wp-image-2449\" srcset=\"https:\/\/dentistaemelysotorosa.com\/wp-content\/uploads\/2022\/07\/Nina-en-oficina-de-dentista-1024x683.webp 1024w, https:\/\/dentistaemelysotorosa.com\/wp-content\/uploads\/2022\/07\/Nina-en-oficina-de-dentista-300x200.webp 300w, https:\/\/dentistaemelysotorosa.com\/wp-content\/uploads\/2022\/07\/Nina-en-oficina-de-dentista-768x512.webp 768w, https:\/\/dentistaemelysotorosa.com\/wp-content\/uploads\/2022\/07\/Nina-en-oficina-de-dentista-1536x1024.webp 1536w, https:\/\/dentistaemelysotorosa.com\/wp-content\/uploads\/2022\/07\/Nina-en-oficina-de-dentista.webp 1920w\" sizes=\"auto, (max-width: 1024px) 100vw, 1024px\" \/><\/figure>\n<style>.kb-row-layout-id2000_c6bac1-c8 > .kt-row-column-wrap{align-content:start;}:where(.kb-row-layout-id2000_c6bac1-c8 > .kt-row-column-wrap) > .wp-block-kadence-column{justify-content:start;}.kb-row-layout-id2000_c6bac1-c8 > .kt-row-column-wrap{column-gap:var(--global-kb-gap-md, 2rem);row-gap:var(--global-kb-gap-md, 2rem);padding-top:0px;padding-right:0px;padding-bottom:40px;padding-left:0px;grid-template-columns:repeat(2, minmax(0, 1fr));}.kb-row-layout-id2000_c6bac1-c8 > .kt-row-layout-overlay{opacity:0.30;}@media all and (max-width: 1024px){.kb-row-layout-id2000_c6bac1-c8 > .kt-row-column-wrap{grid-template-columns:repeat(2, minmax(0, 1fr));}}@media all and (max-width: 767px){.kb-row-layout-id2000_c6bac1-c8 > .kt-row-column-wrap{grid-template-columns:minmax(0, 1fr);}}<\/style><div class=\"kb-row-layout-wrap kb-row-layout-id2000_c6bac1-c8 alignnone wp-block-kadence-rowlayout\"><div class=\"kt-row-column-wrap kt-has-2-columns kt-row-layout-equal kt-tab-layout-inherit kt-mobile-layout-row kt-row-valign-top\">\n<style>.kadence-column2000_e6aa81-95 > .kt-inside-inner-col,.kadence-column2000_e6aa81-95 > .kt-inside-inner-col:before{border-top-left-radius:0px;border-top-right-radius:0px;border-bottom-right-radius:0px;border-bottom-left-radius:0px;}.kadence-column2000_e6aa81-95 > .kt-inside-inner-col{column-gap:var(--global-kb-gap-sm, 1rem);}.kadence-column2000_e6aa81-95 > .kt-inside-inner-col{flex-direction:column;}.kadence-column2000_e6aa81-95 > .kt-inside-inner-col > .aligncenter{width:100%;}.kadence-column2000_e6aa81-95 > .kt-inside-inner-col:before{opacity:0.3;}.kadence-column2000_e6aa81-95{position:relative;}@media all and (max-width: 1024px){.kadence-column2000_e6aa81-95 > .kt-inside-inner-col{flex-direction:column;justify-content:center;}}@media all and (max-width: 767px){.kadence-column2000_e6aa81-95 > .kt-inside-inner-col{flex-direction:column;justify-content:center;}}<\/style>\n<div class=\"wp-block-kadence-column kadence-column2000_e6aa81-95 inner-column-1\"><div class=\"kt-inside-inner-col\">\n<figure class=\"wp-block-image size-large\"><img loading=\"lazy\" decoding=\"async\" width=\"1024\" height=\"683\" src=\"https:\/\/dentistaemelysotorosa.com\/wp-content\/uploads\/2022\/07\/hilo-dental-en-ninos-1024x683.webp\" alt=\"\" class=\"wp-image-2450\" srcset=\"https:\/\/dentistaemelysotorosa.com\/wp-content\/uploads\/2022\/07\/hilo-dental-en-ninos-1024x683.webp 1024w, https:\/\/dentistaemelysotorosa.com\/wp-content\/uploads\/2022\/07\/hilo-dental-en-ninos-300x200.webp 300w, https:\/\/dentistaemelysotorosa.com\/wp-content\/uploads\/2022\/07\/hilo-dental-en-ninos-768x512.webp 768w, https:\/\/dentistaemelysotorosa.com\/wp-content\/uploads\/2022\/07\/hilo-dental-en-ninos-1536x1024.webp 1536w, https:\/\/dentistaemelysotorosa.com\/wp-content\/uploads\/2022\/07\/hilo-dental-en-ninos.webp 1920w\" sizes=\"auto, (max-width: 1024px) 100vw, 1024px\" \/><\/figure>\n<\/div><\/div>\n\n\n<style>.kadence-column2000_fc7522-39 > .kt-inside-inner-col,.kadence-column2000_fc7522-39 > .kt-inside-inner-col:before{border-top-left-radius:0px;border-top-right-radius:0px;border-bottom-right-radius:0px;border-bottom-left-radius:0px;}.kadence-column2000_fc7522-39 > .kt-inside-inner-col{column-gap:var(--global-kb-gap-sm, 1rem);}.kadence-column2000_fc7522-39 > .kt-inside-inner-col{flex-direction:column;}.kadence-column2000_fc7522-39 > .kt-inside-inner-col > .aligncenter{width:100%;}.kadence-column2000_fc7522-39 > .kt-inside-inner-col:before{opacity:0.3;}.kadence-column2000_fc7522-39{position:relative;}@media all and (max-width: 1024px){.kadence-column2000_fc7522-39 > .kt-inside-inner-col{flex-direction:column;justify-content:center;}}@media all and (max-width: 767px){.kadence-column2000_fc7522-39 > .kt-inside-inner-col{flex-direction:column;justify-content:center;}}<\/style>\n<div class=\"wp-block-kadence-column kadence-column2000_fc7522-39 inner-column-2\"><div class=\"kt-inside-inner-col\">\n<figure class=\"wp-block-image size-large\"><img loading=\"lazy\" decoding=\"async\" width=\"1024\" height=\"683\" src=\"https:\/\/dentistaemelysotorosa.com\/wp-content\/uploads\/2022\/07\/Chupetes-en-ninos-1024x683.webp\" alt=\"\" class=\"wp-image-2452\" srcset=\"https:\/\/dentistaemelysotorosa.com\/wp-content\/uploads\/2022\/07\/Chupetes-en-ninos-1024x683.webp 1024w, https:\/\/dentistaemelysotorosa.com\/wp-content\/uploads\/2022\/07\/Chupetes-en-ninos-300x200.webp 300w, https:\/\/dentistaemelysotorosa.com\/wp-content\/uploads\/2022\/07\/Chupetes-en-ninos-768x512.webp 768w, https:\/\/dentistaemelysotorosa.com\/wp-content\/uploads\/2022\/07\/Chupetes-en-ninos-1536x1024.webp 1536w, https:\/\/dentistaemelysotorosa.com\/wp-content\/uploads\/2022\/07\/Chupetes-en-ninos.webp 1920w\" sizes=\"auto, (max-width: 1024px) 100vw, 1024px\" \/><\/figure>\n<\/div><\/div>\n\n<\/div><\/div><style>.wp-block-kadence-advancedheading.kt-adv-heading2000_32c71d-c4, .wp-block-kadence-advancedheading.kt-adv-heading2000_32c71d-c4[data-kb-block=\"kb-adv-heading2000_32c71d-c4\"]{font-style:normal;}.wp-block-kadence-advancedheading.kt-adv-heading2000_32c71d-c4 mark.kt-highlight, .wp-block-kadence-advancedheading.kt-adv-heading2000_32c71d-c4[data-kb-block=\"kb-adv-heading2000_32c71d-c4\"] mark.kt-highlight{font-style:normal;color:#f76a0c;-webkit-box-decoration-break:clone;box-decoration-break:clone;padding-top:0px;padding-right:0px;padding-bottom:0px;padding-left:0px;}<\/style>\n<h2 class=\"kt-adv-heading2000_32c71d-c4 wp-block-kadence-advancedheading\" data-kb-block=\"kb-adv-heading2000_32c71d-c4\"><strong>Dese\u00f1o de sorriso con coroas de circonio<\/strong><\/h2>\n\n<p>As coroas de circonio non s\u00f3 restauran a funcionalidade dos teus dentes, sen\u00f3n que tam\u00e9n poden formar parte do dese\u00f1o do sorriso que queiras. Se buscas mellorar a est\u00e9tica do teu sorriso, as coroas de circonio poden corrixir problemas coa forma, tama\u00f1o e cor dos teus dentes. O teu dentista traballar\u00e1 contigo para conseguir un dese\u00f1o de sorriso que se adapte \u00e1s t\u00faas preferencias e caracter\u00edsticas faciais \u00fanicas.<\/p>\n<style>.wp-block-kadence-advancedheading.kt-adv-heading2000_7622cd-6a, .wp-block-kadence-advancedheading.kt-adv-heading2000_7622cd-6a[data-kb-block=\"kb-adv-heading2000_7622cd-6a\"]{font-style:normal;}.wp-block-kadence-advancedheading.kt-adv-heading2000_7622cd-6a mark.kt-highlight, .wp-block-kadence-advancedheading.kt-adv-heading2000_7622cd-6a[data-kb-block=\"kb-adv-heading2000_7622cd-6a\"] mark.kt-highlight{font-style:normal;color:#f76a0c;-webkit-box-decoration-break:clone;box-decoration-break:clone;padding-top:0px;padding-right:0px;padding-bottom:0px;padding-left:0px;}<\/style>\n<h2 class=\"kt-adv-heading2000_7622cd-6a wp-block-kadence-advancedheading\" data-kb-block=\"kb-adv-heading2000_7622cd-6a\"><strong>Vantaxes das coroas de circonio:<\/strong><\/h2>\n\n<ul class=\"wp-block-list\">\n<li><strong>Durabilidade:<\/strong> o circonio \u00e9 co\u00f1ecido pola s\u00faa resistencia e durabilidade, o que garante unha longa vida \u00fatil.<\/li>\n\n\n\n<li><strong>Est\u00e9tica natural:<\/strong> as coroas de circonio semellan o esmalte natural dos dentes, creando un aspecto aut\u00e9ntico.<\/li>\n\n\n\n<li><strong>Biocompatibilidade:<\/strong> o material \u00e9 biocompatible, o que minimiza as reacci\u00f3ns al\u00e9rxicas e a irritaci\u00f3n das enxivas.<\/li>\n<\/ul>\n<style>.wp-block-kadence-advancedgallery.kb-gallery-wrap-id-2000_8192a9-be{margin-top:40px;margin-right:0px;margin-bottom:0px;margin-left:0px;}.kb-gallery-id-2000_8192a9-be .kadence-blocks-gallery-item .kb-gal-image-radius, .kb-gallery-id-2000_8192a9-be .kb-slide-item .kb-gal-image-radius img{border-radius:0px 0px 0px 0px;;}.kb-gallery-wrap-id-2000_8192a9-be.wp-block-kadence-advancedgallery{overflow:visible;}.kb-gallery-wrap-id-2000_8192a9-be.wp-block-kadence-advancedgallery .kt-blocks-carousel{overflow:visible;}<\/style><div class=\"kb-gallery-wrap-id-2000_8192a9-be alignnone wp-block-kadence-advancedgallery\"><div class=\"kb-gallery-ul kb-gallery-non-static kb-gallery-type-slider kb-gallery-id-2000_8192a9-be kb-gallery-caption-style-bottom-hover kb-gallery-filter-none\" data-image-filter=\"none\" data-lightbox-caption=\"true\"><div class=\"kt-blocks-carousel kt-carousel-container-dotstyle-dark\"><div class=\"kt-blocks-carousel-init kb-blocks-slider kt-carousel-arrowstyle-whiteondark kt-carousel-dotstyle-dark kb-slider-group-arrow kb-slider-arrow-position-center\" data-slider-anim-speed=\"400\" data-slider-scroll=\"1\" data-slider-arrows=\"true\" data-slider-fade=\"true\" data-slider-dots=\"true\"data-slider-type=\"slider\"  data-slider-hover-pause=\"false\" data-slider-auto=\"1\" data-slider-speed=\"7000\" data-show-pause-button=\"false\"><li class=\"kb-slide-item kb-gallery-slide-item\"><div class=\"kadence-blocks-gallery-item\"><div class=\"kadence-blocks-gallery-item-inner\"><figure class=\"kb-gallery-figure kadence-blocks-gallery-item-hide-caption\"><div class=\"kb-gal-image-radius\"><div class=\"kb-gallery-image-contain kadence-blocks-gallery-intrinsic kb-gallery-image-ratio-land32 kb-has-image-ratio-land32\" ><img loading=\"lazy\" decoding=\"async\" src=\"https:\/\/dentistaemelysotorosa.com\/wp-content\/uploads\/2022\/07\/Alimentacion-infantil-1024x683.webp\" width=\"1024\" height=\"683\" alt=\"\" data-full-image=\"https:\/\/dentistaemelysotorosa.com\/wp-content\/uploads\/2022\/07\/Alimentacion-infantil.webp\" data-light-image=\"https:\/\/dentistaemelysotorosa.com\/wp-content\/uploads\/2022\/07\/Alimentacion-infantil.webp\" data-id=\"2448\" class=\"wp-image-2448 skip-lazy\" srcset=\"https:\/\/dentistaemelysotorosa.com\/wp-content\/uploads\/2022\/07\/Alimentacion-infantil-1024x683.webp 1024w, https:\/\/dentistaemelysotorosa.com\/wp-content\/uploads\/2022\/07\/Alimentacion-infantil-300x200.webp 300w, https:\/\/dentistaemelysotorosa.com\/wp-content\/uploads\/2022\/07\/Alimentacion-infantil-768x512.webp 768w, https:\/\/dentistaemelysotorosa.com\/wp-content\/uploads\/2022\/07\/Alimentacion-infantil-1536x1024.webp 1536w, https:\/\/dentistaemelysotorosa.com\/wp-content\/uploads\/2022\/07\/Alimentacion-infantil.webp 1920w\" sizes=\"auto, (max-width: 1024px) 100vw, 1024px\" \/><\/div><\/div><\/figure><\/div><\/div><\/li><li class=\"kb-slide-item kb-gallery-slide-item\"><div class=\"kadence-blocks-gallery-item\"><div class=\"kadence-blocks-gallery-item-inner\"><figure class=\"kb-gallery-figure kadence-blocks-gallery-item-hide-caption\"><div class=\"kb-gal-image-radius\"><div class=\"kb-gallery-image-contain kadence-blocks-gallery-intrinsic kb-gallery-image-ratio-land32 kb-has-image-ratio-land32\" ><img loading=\"lazy\" decoding=\"async\" src=\"https:\/\/dentistaemelysotorosa.com\/wp-content\/uploads\/2022\/07\/cepillado-a-ninos-1024x683.webp\" width=\"1024\" height=\"683\" alt=\"\" data-full-image=\"https:\/\/dentistaemelysotorosa.com\/wp-content\/uploads\/2022\/07\/cepillado-a-ninos.webp\" data-light-image=\"https:\/\/dentistaemelysotorosa.com\/wp-content\/uploads\/2022\/07\/cepillado-a-ninos.webp\" data-id=\"2453\" class=\"wp-image-2453 skip-lazy\" srcset=\"https:\/\/dentistaemelysotorosa.com\/wp-content\/uploads\/2022\/07\/cepillado-a-ninos-1024x683.webp 1024w, https:\/\/dentistaemelysotorosa.com\/wp-content\/uploads\/2022\/07\/cepillado-a-ninos-300x200.webp 300w, https:\/\/dentistaemelysotorosa.com\/wp-content\/uploads\/2022\/07\/cepillado-a-ninos-768x512.webp 768w, https:\/\/dentistaemelysotorosa.com\/wp-content\/uploads\/2022\/07\/cepillado-a-ninos-1536x1024.webp 1536w, https:\/\/dentistaemelysotorosa.com\/wp-content\/uploads\/2022\/07\/cepillado-a-ninos.webp 1920w\" sizes=\"auto, (max-width: 1024px) 100vw, 1024px\" \/><\/div><\/div><\/figure><\/div><\/div><\/li><li class=\"kb-slide-item kb-gallery-slide-item\"><div class=\"kadence-blocks-gallery-item\"><div class=\"kadence-blocks-gallery-item-inner\"><figure class=\"kb-gallery-figure kadence-blocks-gallery-item-hide-caption\"><div class=\"kb-gal-image-radius\"><div class=\"kb-gallery-image-contain kadence-blocks-gallery-intrinsic kb-gallery-image-ratio-land32 kb-has-image-ratio-land32\" ><img loading=\"lazy\" decoding=\"async\" src=\"https:\/\/dentistaemelysotorosa.com\/wp-content\/uploads\/2022\/07\/Cepillado-en-ninos-1024x683.webp\" width=\"1024\" height=\"683\" alt=\"\" data-full-image=\"https:\/\/dentistaemelysotorosa.com\/wp-content\/uploads\/2022\/07\/Cepillado-en-ninos.webp\" data-light-image=\"https:\/\/dentistaemelysotorosa.com\/wp-content\/uploads\/2022\/07\/Cepillado-en-ninos.webp\" data-id=\"2451\" class=\"wp-image-2451 skip-lazy\" srcset=\"https:\/\/dentistaemelysotorosa.com\/wp-content\/uploads\/2022\/07\/Cepillado-en-ninos-1024x683.webp 1024w, https:\/\/dentistaemelysotorosa.com\/wp-content\/uploads\/2022\/07\/Cepillado-en-ninos-300x200.webp 300w, https:\/\/dentistaemelysotorosa.com\/wp-content\/uploads\/2022\/07\/Cepillado-en-ninos-768x512.webp 768w, https:\/\/dentistaemelysotorosa.com\/wp-content\/uploads\/2022\/07\/Cepillado-en-ninos-1536x1024.webp 1536w, https:\/\/dentistaemelysotorosa.com\/wp-content\/uploads\/2022\/07\/Cepillado-en-ninos.webp 1920w\" sizes=\"auto, (max-width: 1024px) 100vw, 1024px\" \/><\/div><\/div><\/figure><\/div><\/div><\/li><\/div><\/div><\/div><\/div>\n<h2 class=\"wp-block-heading\"><strong>Pr\u00f3teses sobre implantes: unha soluci\u00f3n completa<\/strong><\/h2>\n\n<p>As coroas de circonio soportadas por implantes ofrecen unha soluci\u00f3n completa para aqueles que perderon os dentes. Ademais de restaurar a aparencia e a funci\u00f3n, contrib\u00faen \u00e1 sa\u00fade bucodental en xeral ao previr a perda \u00f3sea na mand\u00edbula. Isto \u00e9 esencial para manter a estrutura facial e unha masticaci\u00f3n eficaz.<\/p>\n\n<p>As coroas de circonio son unha opci\u00f3n innovadora e eficaz para restaurar os dentes danados ou perdidos. Tanto se est\u00e1s considerando unha coroa de circonio encima dun implante dental ou como parte dun dese\u00f1o de sorriso completo, esta opci\u00f3n combina est\u00e9tica e funcionalidade en harmon\u00eda. Se queres m\u00e1is informaci\u00f3n sobre como as coroas de zirconio poden transformar o teu sorriso, invit\u00e1mosche a concertar unha consulta co noso equipo de profesionais. Compromet\u00e9monos a ofrecerche soluci\u00f3ns de calidade apoiadas polas \u00faltimas investigaci\u00f3ns en odontolox\u00eda.<\/p>\n","protected":false},"excerpt":{"rendered":"<p>As coroas de zirconio son unha opci\u00f3n popular no mundo da odontolox\u00eda restauradora debido \u00e1 s\u00faa combinaci\u00f3n \u00fanica de est\u00e9tica e&#8230;<\/p>\n","protected":false},"author":1,"featured_media":2732,"comment_status":"closed","ping_status":"closed","sticky":false,"template":"","format":"standard","meta":{"_kad_blocks_custom_css":"","_kad_blocks_head_custom_js":"","_kad_blocks_body_custom_js":"","_kad_blocks_footer_custom_js":"","_kadence_starter_templates_imported_post":false,"_kad_post_transparent":"","_kad_post_title":"","_kad_post_layout":"","_kad_post_sidebar_id":"","_kad_post_content_style":"","_kad_post_vertical_padding":"","_kad_post_feature":"","_kad_post_feature_position":"","_kad_post_header":false,"_kad_post_footer":false,"_joinchat":[],"footnotes":""},"categories":[14],"tags":[],"class_list":["post-2811","post","type-post","status-publish","format-standard","has-post-thumbnail","hentry","category-consellos-dentais"],"yoast_head":"<!-- This site is optimized with the Yoast SEO plugin v27.4 - https:\/\/yoast.com\/product\/yoast-seo-wordpress\/ -->\n<title>Coroas de circonio: est\u00e9tica e funcionalidade - Dentista Dra. Emely Soto Rosa<\/title>\n<meta name=\"robots\" content=\"index, follow, max-snippet:-1, max-image-preview:large, max-video-preview:-1\" \/>\n<link rel=\"canonical\" href=\"https:\/\/dentistaemelysotorosa.com\/gl\/2022\/07\/13\/coroas-de-circonio-estetica-e-funcionalidade\/\" \/>\n<meta property=\"og:locale\" content=\"gl_ES\" \/>\n<meta property=\"og:type\" content=\"article\" \/>\n<meta property=\"og:title\" content=\"Coroas de circonio: est\u00e9tica e funcionalidade - Dentista Dra. Emely Soto Rosa\" \/>\n<meta property=\"og:description\" content=\"As coroas de zirconio son unha opci\u00f3n popular no mundo da odontolox\u00eda restauradora debido \u00e1 s\u00faa combinaci\u00f3n \u00fanica de est\u00e9tica e...\" \/>\n<meta property=\"og:url\" content=\"https:\/\/dentistaemelysotorosa.com\/gl\/2022\/07\/13\/coroas-de-circonio-estetica-e-funcionalidade\/\" \/>\n<meta property=\"og:site_name\" content=\"Dentista Dra. Emely Soto Rosa\" \/>\n<meta property=\"article:publisher\" content=\"https:\/\/www.facebook.com\/p\/Dra-Emely-Soto-Rosa-100064094321105\/\" \/>\n<meta property=\"article:published_time\" content=\"2022-07-13T17:18:13+00:00\" \/>\n<meta property=\"article:modified_time\" content=\"2024-01-16T18:38:11+00:00\" \/>\n<meta property=\"og:image\" content=\"https:\/\/dentistaemelysotorosa.com\/wp-content\/uploads\/2022\/05\/pexels-karolina-grabowska-6627462.jpg\" \/>\n\t<meta property=\"og:image:width\" content=\"1144\" \/>\n\t<meta property=\"og:image:height\" content=\"813\" \/>\n\t<meta property=\"og:image:type\" content=\"image\/jpeg\" \/>\n<meta name=\"author\" content=\"emelysoto\" \/>\n<meta name=\"twitter:card\" content=\"summary_large_image\" \/>\n<meta name=\"twitter:label1\" content=\"Escrito por\" \/>\n\t<meta name=\"twitter:data1\" content=\"emelysoto\" \/>\n\t<meta name=\"twitter:label2\" content=\"Tempo de lectura\" \/>\n\t<meta name=\"twitter:data2\" content=\"3 minutos\" \/>\n<script type=\"application\/ld+json\" class=\"yoast-schema-graph\">{\"@context\":\"https:\\\/\\\/schema.org\",\"@graph\":[{\"@type\":\"Article\",\"@id\":\"https:\\\/\\\/dentistaemelysotorosa.com\\\/gl\\\/2022\\\/07\\\/13\\\/coroas-de-circonio-estetica-e-funcionalidade\\\/#article\",\"isPartOf\":{\"@id\":\"https:\\\/\\\/dentistaemelysotorosa.com\\\/gl\\\/2022\\\/07\\\/13\\\/coroas-de-circonio-estetica-e-funcionalidade\\\/\"},\"author\":{\"name\":\"emelysoto\",\"@id\":\"https:\\\/\\\/dentistaemelysotorosa.com\\\/gl\\\/#\\\/schema\\\/person\\\/e41964002f457ac376fe9ce7da76f51f\"},\"headline\":\"Coroas de circonio: est\u00e9tica e funcionalidade\",\"datePublished\":\"2022-07-13T17:18:13+00:00\",\"dateModified\":\"2024-01-16T18:38:11+00:00\",\"mainEntityOfPage\":{\"@id\":\"https:\\\/\\\/dentistaemelysotorosa.com\\\/gl\\\/2022\\\/07\\\/13\\\/coroas-de-circonio-estetica-e-funcionalidade\\\/\"},\"wordCount\":516,\"publisher\":{\"@id\":\"https:\\\/\\\/dentistaemelysotorosa.com\\\/gl\\\/#organization\"},\"image\":{\"@id\":\"https:\\\/\\\/dentistaemelysotorosa.com\\\/gl\\\/2022\\\/07\\\/13\\\/coroas-de-circonio-estetica-e-funcionalidade\\\/#primaryimage\"},\"thumbnailUrl\":\"https:\\\/\\\/dentistaemelysotorosa.com\\\/wp-content\\\/uploads\\\/2022\\\/05\\\/pexels-karolina-grabowska-6627462.jpg\",\"articleSection\":[\"Consellos Dentais\"],\"inLanguage\":\"gl-ES\"},{\"@type\":\"WebPage\",\"@id\":\"https:\\\/\\\/dentistaemelysotorosa.com\\\/gl\\\/2022\\\/07\\\/13\\\/coroas-de-circonio-estetica-e-funcionalidade\\\/\",\"url\":\"https:\\\/\\\/dentistaemelysotorosa.com\\\/gl\\\/2022\\\/07\\\/13\\\/coroas-de-circonio-estetica-e-funcionalidade\\\/\",\"name\":\"Coroas de circonio: est\u00e9tica e funcionalidade - Dentista Dra. Emely Soto Rosa\",\"isPartOf\":{\"@id\":\"https:\\\/\\\/dentistaemelysotorosa.com\\\/gl\\\/#website\"},\"primaryImageOfPage\":{\"@id\":\"https:\\\/\\\/dentistaemelysotorosa.com\\\/gl\\\/2022\\\/07\\\/13\\\/coroas-de-circonio-estetica-e-funcionalidade\\\/#primaryimage\"},\"image\":{\"@id\":\"https:\\\/\\\/dentistaemelysotorosa.com\\\/gl\\\/2022\\\/07\\\/13\\\/coroas-de-circonio-estetica-e-funcionalidade\\\/#primaryimage\"},\"thumbnailUrl\":\"https:\\\/\\\/dentistaemelysotorosa.com\\\/wp-content\\\/uploads\\\/2022\\\/05\\\/pexels-karolina-grabowska-6627462.jpg\",\"datePublished\":\"2022-07-13T17:18:13+00:00\",\"dateModified\":\"2024-01-16T18:38:11+00:00\",\"breadcrumb\":{\"@id\":\"https:\\\/\\\/dentistaemelysotorosa.com\\\/gl\\\/2022\\\/07\\\/13\\\/coroas-de-circonio-estetica-e-funcionalidade\\\/#breadcrumb\"},\"inLanguage\":\"gl-ES\",\"potentialAction\":[{\"@type\":\"ReadAction\",\"target\":[\"https:\\\/\\\/dentistaemelysotorosa.com\\\/gl\\\/2022\\\/07\\\/13\\\/coroas-de-circonio-estetica-e-funcionalidade\\\/\"]}]},{\"@type\":\"ImageObject\",\"inLanguage\":\"gl-ES\",\"@id\":\"https:\\\/\\\/dentistaemelysotorosa.com\\\/gl\\\/2022\\\/07\\\/13\\\/coroas-de-circonio-estetica-e-funcionalidade\\\/#primaryimage\",\"url\":\"https:\\\/\\\/dentistaemelysotorosa.com\\\/wp-content\\\/uploads\\\/2022\\\/05\\\/pexels-karolina-grabowska-6627462.jpg\",\"contentUrl\":\"https:\\\/\\\/dentistaemelysotorosa.com\\\/wp-content\\\/uploads\\\/2022\\\/05\\\/pexels-karolina-grabowska-6627462.jpg\",\"width\":1144,\"height\":813},{\"@type\":\"BreadcrumbList\",\"@id\":\"https:\\\/\\\/dentistaemelysotorosa.com\\\/gl\\\/2022\\\/07\\\/13\\\/coroas-de-circonio-estetica-e-funcionalidade\\\/#breadcrumb\",\"itemListElement\":[{\"@type\":\"ListItem\",\"position\":1,\"name\":\"Portada\",\"item\":\"https:\\\/\\\/dentistaemelysotorosa.com\\\/gl\\\/\"},{\"@type\":\"ListItem\",\"position\":2,\"name\":\"Coroas de circonio: est\u00e9tica e funcionalidade\"}]},{\"@type\":\"WebSite\",\"@id\":\"https:\\\/\\\/dentistaemelysotorosa.com\\\/gl\\\/#website\",\"url\":\"https:\\\/\\\/dentistaemelysotorosa.com\\\/gl\\\/\",\"name\":\"Dentista Dra. Emely Soto Rosa\",\"description\":\"Sitio web de Dentista Dra. Emely Soto Rosa\",\"publisher\":{\"@id\":\"https:\\\/\\\/dentistaemelysotorosa.com\\\/gl\\\/#organization\"},\"potentialAction\":[{\"@type\":\"SearchAction\",\"target\":{\"@type\":\"EntryPoint\",\"urlTemplate\":\"https:\\\/\\\/dentistaemelysotorosa.com\\\/gl\\\/?s={search_term_string}\"},\"query-input\":{\"@type\":\"PropertyValueSpecification\",\"valueRequired\":true,\"valueName\":\"search_term_string\"}}],\"inLanguage\":\"gl-ES\"},{\"@type\":\"Organization\",\"@id\":\"https:\\\/\\\/dentistaemelysotorosa.com\\\/gl\\\/#organization\",\"name\":\"Dentista Dra. Emely Soto Rosa\",\"url\":\"https:\\\/\\\/dentistaemelysotorosa.com\\\/gl\\\/\",\"logo\":{\"@type\":\"ImageObject\",\"inLanguage\":\"gl-ES\",\"@id\":\"https:\\\/\\\/dentistaemelysotorosa.com\\\/gl\\\/#\\\/schema\\\/logo\\\/image\\\/\",\"url\":\"https:\\\/\\\/dentistaemelysotorosa.com\\\/wp-content\\\/uploads\\\/2023\\\/08\\\/diente-del-logo-menor-tamano.webp\",\"contentUrl\":\"https:\\\/\\\/dentistaemelysotorosa.com\\\/wp-content\\\/uploads\\\/2023\\\/08\\\/diente-del-logo-menor-tamano.webp\",\"width\":80,\"height\":80,\"caption\":\"Dentista Dra. Emely Soto Rosa\"},\"image\":{\"@id\":\"https:\\\/\\\/dentistaemelysotorosa.com\\\/gl\\\/#\\\/schema\\\/logo\\\/image\\\/\"},\"sameAs\":[\"https:\\\/\\\/www.facebook.com\\\/p\\\/Dra-Emely-Soto-Rosa-100064094321105\\\/\",\"https:\\\/\\\/www.tiktok.com\\\/@emelysoto26\"]},{\"@type\":\"Person\",\"@id\":\"https:\\\/\\\/dentistaemelysotorosa.com\\\/gl\\\/#\\\/schema\\\/person\\\/e41964002f457ac376fe9ce7da76f51f\",\"name\":\"emelysoto\",\"image\":{\"@type\":\"ImageObject\",\"inLanguage\":\"gl-ES\",\"@id\":\"https:\\\/\\\/dentistaemelysotorosa.com\\\/wp-content\\\/litespeed\\\/avatar\\\/a25b28e162481d2be8e7f3bff0f8f91a.jpg?ver=1777302732\",\"url\":\"https:\\\/\\\/dentistaemelysotorosa.com\\\/wp-content\\\/litespeed\\\/avatar\\\/a25b28e162481d2be8e7f3bff0f8f91a.jpg?ver=1777302732\",\"contentUrl\":\"https:\\\/\\\/dentistaemelysotorosa.com\\\/wp-content\\\/litespeed\\\/avatar\\\/a25b28e162481d2be8e7f3bff0f8f91a.jpg?ver=1777302732\",\"caption\":\"emelysoto\"},\"sameAs\":[\"https:\\\/\\\/dentistaemelysotorosa.com\"],\"url\":\"https:\\\/\\\/dentistaemelysotorosa.com\\\/gl\\\/author\\\/emelysoto\\\/\"}]}<\/script>\n<!-- \/ Yoast SEO plugin. -->","yoast_head_json":{"title":"Coroas de circonio: est\u00e9tica e funcionalidade - Dentista Dra. Emely Soto Rosa","robots":{"index":"index","follow":"follow","max-snippet":"max-snippet:-1","max-image-preview":"max-image-preview:large","max-video-preview":"max-video-preview:-1"},"canonical":"https:\/\/dentistaemelysotorosa.com\/gl\/2022\/07\/13\/coroas-de-circonio-estetica-e-funcionalidade\/","og_locale":"gl_ES","og_type":"article","og_title":"Coroas de circonio: est\u00e9tica e funcionalidade - Dentista Dra. Emely Soto Rosa","og_description":"As coroas de zirconio son unha opci\u00f3n popular no mundo da odontolox\u00eda restauradora debido \u00e1 s\u00faa combinaci\u00f3n \u00fanica de est\u00e9tica e...","og_url":"https:\/\/dentistaemelysotorosa.com\/gl\/2022\/07\/13\/coroas-de-circonio-estetica-e-funcionalidade\/","og_site_name":"Dentista Dra. Emely Soto Rosa","article_publisher":"https:\/\/www.facebook.com\/p\/Dra-Emely-Soto-Rosa-100064094321105\/","article_published_time":"2022-07-13T17:18:13+00:00","article_modified_time":"2024-01-16T18:38:11+00:00","og_image":[{"width":1144,"height":813,"url":"https:\/\/dentistaemelysotorosa.com\/wp-content\/uploads\/2022\/05\/pexels-karolina-grabowska-6627462.jpg","type":"image\/jpeg"}],"author":"emelysoto","twitter_card":"summary_large_image","twitter_misc":{"Escrito por":"emelysoto","Tempo de lectura":"3 minutos"},"schema":{"@context":"https:\/\/schema.org","@graph":[{"@type":"Article","@id":"https:\/\/dentistaemelysotorosa.com\/gl\/2022\/07\/13\/coroas-de-circonio-estetica-e-funcionalidade\/#article","isPartOf":{"@id":"https:\/\/dentistaemelysotorosa.com\/gl\/2022\/07\/13\/coroas-de-circonio-estetica-e-funcionalidade\/"},"author":{"name":"emelysoto","@id":"https:\/\/dentistaemelysotorosa.com\/gl\/#\/schema\/person\/e41964002f457ac376fe9ce7da76f51f"},"headline":"Coroas de circonio: est\u00e9tica e funcionalidade","datePublished":"2022-07-13T17:18:13+00:00","dateModified":"2024-01-16T18:38:11+00:00","mainEntityOfPage":{"@id":"https:\/\/dentistaemelysotorosa.com\/gl\/2022\/07\/13\/coroas-de-circonio-estetica-e-funcionalidade\/"},"wordCount":516,"publisher":{"@id":"https:\/\/dentistaemelysotorosa.com\/gl\/#organization"},"image":{"@id":"https:\/\/dentistaemelysotorosa.com\/gl\/2022\/07\/13\/coroas-de-circonio-estetica-e-funcionalidade\/#primaryimage"},"thumbnailUrl":"https:\/\/dentistaemelysotorosa.com\/wp-content\/uploads\/2022\/05\/pexels-karolina-grabowska-6627462.jpg","articleSection":["Consellos Dentais"],"inLanguage":"gl-ES"},{"@type":"WebPage","@id":"https:\/\/dentistaemelysotorosa.com\/gl\/2022\/07\/13\/coroas-de-circonio-estetica-e-funcionalidade\/","url":"https:\/\/dentistaemelysotorosa.com\/gl\/2022\/07\/13\/coroas-de-circonio-estetica-e-funcionalidade\/","name":"Coroas de circonio: est\u00e9tica e funcionalidade - Dentista Dra. Emely Soto Rosa","isPartOf":{"@id":"https:\/\/dentistaemelysotorosa.com\/gl\/#website"},"primaryImageOfPage":{"@id":"https:\/\/dentistaemelysotorosa.com\/gl\/2022\/07\/13\/coroas-de-circonio-estetica-e-funcionalidade\/#primaryimage"},"image":{"@id":"https:\/\/dentistaemelysotorosa.com\/gl\/2022\/07\/13\/coroas-de-circonio-estetica-e-funcionalidade\/#primaryimage"},"thumbnailUrl":"https:\/\/dentistaemelysotorosa.com\/wp-content\/uploads\/2022\/05\/pexels-karolina-grabowska-6627462.jpg","datePublished":"2022-07-13T17:18:13+00:00","dateModified":"2024-01-16T18:38:11+00:00","breadcrumb":{"@id":"https:\/\/dentistaemelysotorosa.com\/gl\/2022\/07\/13\/coroas-de-circonio-estetica-e-funcionalidade\/#breadcrumb"},"inLanguage":"gl-ES","potentialAction":[{"@type":"ReadAction","target":["https:\/\/dentistaemelysotorosa.com\/gl\/2022\/07\/13\/coroas-de-circonio-estetica-e-funcionalidade\/"]}]},{"@type":"ImageObject","inLanguage":"gl-ES","@id":"https:\/\/dentistaemelysotorosa.com\/gl\/2022\/07\/13\/coroas-de-circonio-estetica-e-funcionalidade\/#primaryimage","url":"https:\/\/dentistaemelysotorosa.com\/wp-content\/uploads\/2022\/05\/pexels-karolina-grabowska-6627462.jpg","contentUrl":"https:\/\/dentistaemelysotorosa.com\/wp-content\/uploads\/2022\/05\/pexels-karolina-grabowska-6627462.jpg","width":1144,"height":813},{"@type":"BreadcrumbList","@id":"https:\/\/dentistaemelysotorosa.com\/gl\/2022\/07\/13\/coroas-de-circonio-estetica-e-funcionalidade\/#breadcrumb","itemListElement":[{"@type":"ListItem","position":1,"name":"Portada","item":"https:\/\/dentistaemelysotorosa.com\/gl\/"},{"@type":"ListItem","position":2,"name":"Coroas de circonio: est\u00e9tica e funcionalidade"}]},{"@type":"WebSite","@id":"https:\/\/dentistaemelysotorosa.com\/gl\/#website","url":"https:\/\/dentistaemelysotorosa.com\/gl\/","name":"Dentista Dra. Emely Soto Rosa","description":"Sitio web de Dentista Dra. Emely Soto Rosa","publisher":{"@id":"https:\/\/dentistaemelysotorosa.com\/gl\/#organization"},"potentialAction":[{"@type":"SearchAction","target":{"@type":"EntryPoint","urlTemplate":"https:\/\/dentistaemelysotorosa.com\/gl\/?s={search_term_string}"},"query-input":{"@type":"PropertyValueSpecification","valueRequired":true,"valueName":"search_term_string"}}],"inLanguage":"gl-ES"},{"@type":"Organization","@id":"https:\/\/dentistaemelysotorosa.com\/gl\/#organization","name":"Dentista Dra. Emely Soto Rosa","url":"https:\/\/dentistaemelysotorosa.com\/gl\/","logo":{"@type":"ImageObject","inLanguage":"gl-ES","@id":"https:\/\/dentistaemelysotorosa.com\/gl\/#\/schema\/logo\/image\/","url":"https:\/\/dentistaemelysotorosa.com\/wp-content\/uploads\/2023\/08\/diente-del-logo-menor-tamano.webp","contentUrl":"https:\/\/dentistaemelysotorosa.com\/wp-content\/uploads\/2023\/08\/diente-del-logo-menor-tamano.webp","width":80,"height":80,"caption":"Dentista Dra. Emely Soto Rosa"},"image":{"@id":"https:\/\/dentistaemelysotorosa.com\/gl\/#\/schema\/logo\/image\/"},"sameAs":["https:\/\/www.facebook.com\/p\/Dra-Emely-Soto-Rosa-100064094321105\/","https:\/\/www.tiktok.com\/@emelysoto26"]},{"@type":"Person","@id":"https:\/\/dentistaemelysotorosa.com\/gl\/#\/schema\/person\/e41964002f457ac376fe9ce7da76f51f","name":"emelysoto","image":{"@type":"ImageObject","inLanguage":"gl-ES","@id":"https:\/\/dentistaemelysotorosa.com\/wp-content\/litespeed\/avatar\/a25b28e162481d2be8e7f3bff0f8f91a.jpg?ver=1777302732","url":"https:\/\/dentistaemelysotorosa.com\/wp-content\/litespeed\/avatar\/a25b28e162481d2be8e7f3bff0f8f91a.jpg?ver=1777302732","contentUrl":"https:\/\/dentistaemelysotorosa.com\/wp-content\/litespeed\/avatar\/a25b28e162481d2be8e7f3bff0f8f91a.jpg?ver=1777302732","caption":"emelysoto"},"sameAs":["https:\/\/dentistaemelysotorosa.com"],"url":"https:\/\/dentistaemelysotorosa.com\/gl\/author\/emelysoto\/"}]}},"taxonomy_info":{"category":[{"value":14,"label":"Consellos Dentais"}]},"featured_image_src_large":["https:\/\/dentistaemelysotorosa.com\/wp-content\/uploads\/2022\/05\/pexels-karolina-grabowska-6627462-1024x728.jpg",1024,728,true],"author_info":{"display_name":"emelysoto","author_link":"https:\/\/dentistaemelysotorosa.com\/gl\/author\/emelysoto\/"},"comment_info":0,"category_info":[{"term_id":14,"name":"Consellos Dentais","slug":"consellos-dentais","term_group":0,"term_taxonomy_id":14,"taxonomy":"category","description":"","parent":0,"count":5,"filter":"raw","cat_ID":14,"category_count":5,"category_description":"","cat_name":"Consellos Dentais","category_nicename":"consellos-dentais","category_parent":0}],"tag_info":false,"_links":{"self":[{"href":"https:\/\/dentistaemelysotorosa.com\/gl\/wp-json\/wp\/v2\/posts\/2811","targetHints":{"allow":["GET"]}}],"collection":[{"href":"https:\/\/dentistaemelysotorosa.com\/gl\/wp-json\/wp\/v2\/posts"}],"about":[{"href":"https:\/\/dentistaemelysotorosa.com\/gl\/wp-json\/wp\/v2\/types\/post"}],"author":[{"embeddable":true,"href":"https:\/\/dentistaemelysotorosa.com\/gl\/wp-json\/wp\/v2\/users\/1"}],"replies":[{"embeddable":true,"href":"https:\/\/dentistaemelysotorosa.com\/gl\/wp-json\/wp\/v2\/comments?post=2811"}],"version-history":[{"count":0,"href":"https:\/\/dentistaemelysotorosa.com\/gl\/wp-json\/wp\/v2\/posts\/2811\/revisions"}],"wp:featuredmedia":[{"embeddable":true,"href":"https:\/\/dentistaemelysotorosa.com\/gl\/wp-json\/wp\/v2\/media\/2732"}],"wp:attachment":[{"href":"https:\/\/dentistaemelysotorosa.com\/gl\/wp-json\/wp\/v2\/media?parent=2811"}],"wp:term":[{"taxonomy":"category","embeddable":true,"href":"https:\/\/dentistaemelysotorosa.com\/gl\/wp-json\/wp\/v2\/categories?post=2811"},{"taxonomy":"post_tag","embeddable":true,"href":"https:\/\/dentistaemelysotorosa.com\/gl\/wp-json\/wp\/v2\/tags?post=2811"}],"curies":[{"name":"wp","href":"https:\/\/api.w.org\/{rel}","templated":true}]}}