{"id":2824,"date":"2022-07-13T17:22:16","date_gmt":"2022-07-13T17:22:16","guid":{"rendered":"https:\/\/dentistaemelysotorosa.com\/2022\/07\/13\/dentes-de-leche-5-cousas-importantes-que-debes-saber\/"},"modified":"2024-01-16T18:38:12","modified_gmt":"2024-01-16T18:38:12","slug":"dentes-de-leche-5-cousas-importantes-que-debes-saber","status":"publish","type":"post","link":"https:\/\/dentistaemelysotorosa.com\/gl\/2022\/07\/13\/dentes-de-leche-5-cousas-importantes-que-debes-saber\/","title":{"rendered":"Dentes de leche: 5 cousas importantes que debes saber"},"content":{"rendered":"\n<p>Algunha vez te preguntas que pasa cos dentes dos beb\u00e9s? \u00c9 un proceso bastante fascinante! Os primeiros meses e anos da vida do teu pequeno ve\u00f1en con etapas clave do desenvolvemento dental que debes co\u00f1ecer para coidar o seu sorriso dende o principio. Neste artigo, exploraremos cinco cousas esenciais sobre os dentes de leche que todos os pais ou coidadores deben comprender.<\/p>\n\n<h2 class=\"wp-block-heading\"><strong><strong>As etapas da dentici\u00f3n nos beb\u00e9s<\/strong><\/strong><\/h2>\n\n<p>Os primeiros dentes dun beb\u00e9 adoitan aparecer entre os 6 e os 12 meses de idade. Esta etapa pode provocar molestias, xa que as enxivas inchadas nos beb\u00e9s son un s\u00edntoma com\u00fan. Observar sinais de irritabilidade e babeo excesivo pode axudarche a reco\u00f1ecer o proceso de dentici\u00f3n do teu beb\u00e9.<\/p>\n\n<h2 class=\"wp-block-heading\"><strong><strong><strong>Coidar dos primeiros dentes do beb\u00e9:<\/strong><\/strong><\/strong><\/h2>\n\n<p>O coidado axeitado dos primeiros dentes do beb\u00e9 \u00e9 esencial para un comezo saudable na s\u00faa vida dental. Aqu\u00ed tes algunhas pautas sinxelas:<\/p>\n\n<ul class=\"wp-block-list\">\n<li>Limpe os dentes suavemente cun cepillo de nailon de cerdas suaves.<\/li>\n\n\n\n<li>Comeza a usar pasta de dentes con fl\u00faor cando saia o primeiro dente, consulta ao teu dentista pediatra sobre a cantidade de pasta e a concentraci\u00f3n de fl\u00faor que debe ter a t\u00faa pasta de dentes.<\/li>\n\n\n\n<li>Retire o biber\u00f3n e o chupete antes de que o beb\u00e9 te\u00f1a dous anos<\/li>\n<\/ul>\n\n<figure class=\"wp-block-image size-large\"><img loading=\"lazy\" decoding=\"async\" width=\"1024\" height=\"683\" src=\"https:\/\/dentistaemelysotorosa.com\/wp-content\/uploads\/2022\/07\/Nina-en-oficina-de-dentista-1024x683.webp\" alt=\"\" class=\"wp-image-2449\" srcset=\"https:\/\/dentistaemelysotorosa.com\/wp-content\/uploads\/2022\/07\/Nina-en-oficina-de-dentista-1024x683.webp 1024w, https:\/\/dentistaemelysotorosa.com\/wp-content\/uploads\/2022\/07\/Nina-en-oficina-de-dentista-300x200.webp 300w, https:\/\/dentistaemelysotorosa.com\/wp-content\/uploads\/2022\/07\/Nina-en-oficina-de-dentista-768x512.webp 768w, https:\/\/dentistaemelysotorosa.com\/wp-content\/uploads\/2022\/07\/Nina-en-oficina-de-dentista-1536x1024.webp 1536w, https:\/\/dentistaemelysotorosa.com\/wp-content\/uploads\/2022\/07\/Nina-en-oficina-de-dentista.webp 1920w\" sizes=\"auto, (max-width: 1024px) 100vw, 1024px\" \/><\/figure>\n<style>.kb-row-layout-id2006_2ff32a-eb > .kt-row-column-wrap{align-content:start;}:where(.kb-row-layout-id2006_2ff32a-eb > .kt-row-column-wrap) > .wp-block-kadence-column{justify-content:start;}.kb-row-layout-id2006_2ff32a-eb > .kt-row-column-wrap{column-gap:var(--global-kb-gap-md, 2rem);row-gap:var(--global-kb-gap-md, 2rem);padding-top:0px;padding-right:0px;padding-bottom:40px;padding-left:0px;grid-template-columns:repeat(2, minmax(0, 1fr));}.kb-row-layout-id2006_2ff32a-eb > .kt-row-layout-overlay{opacity:0.30;}@media all and (max-width: 1024px){.kb-row-layout-id2006_2ff32a-eb > .kt-row-column-wrap{grid-template-columns:repeat(2, minmax(0, 1fr));}}@media all and (max-width: 767px){.kb-row-layout-id2006_2ff32a-eb > .kt-row-column-wrap{grid-template-columns:minmax(0, 1fr);}}<\/style><div class=\"kb-row-layout-wrap kb-row-layout-id2006_2ff32a-eb alignnone wp-block-kadence-rowlayout\"><div class=\"kt-row-column-wrap kt-has-2-columns kt-row-layout-equal kt-tab-layout-inherit kt-mobile-layout-row kt-row-valign-top\">\n<style>.kadence-column2006_884af8-8d > .kt-inside-inner-col,.kadence-column2006_884af8-8d > .kt-inside-inner-col:before{border-top-left-radius:0px;border-top-right-radius:0px;border-bottom-right-radius:0px;border-bottom-left-radius:0px;}.kadence-column2006_884af8-8d > .kt-inside-inner-col{column-gap:var(--global-kb-gap-sm, 1rem);}.kadence-column2006_884af8-8d > .kt-inside-inner-col{flex-direction:column;}.kadence-column2006_884af8-8d > .kt-inside-inner-col > .aligncenter{width:100%;}.kadence-column2006_884af8-8d > .kt-inside-inner-col:before{opacity:0.3;}.kadence-column2006_884af8-8d{position:relative;}@media all and (max-width: 1024px){.kadence-column2006_884af8-8d > .kt-inside-inner-col{flex-direction:column;justify-content:center;}}@media all and (max-width: 767px){.kadence-column2006_884af8-8d > .kt-inside-inner-col{flex-direction:column;justify-content:center;}}<\/style>\n<div class=\"wp-block-kadence-column kadence-column2006_884af8-8d inner-column-1\"><div class=\"kt-inside-inner-col\">\n<figure class=\"wp-block-image size-large\"><img loading=\"lazy\" decoding=\"async\" width=\"1024\" height=\"683\" src=\"https:\/\/dentistaemelysotorosa.com\/wp-content\/uploads\/2022\/07\/hilo-dental-en-ninos-1024x683.webp\" alt=\"\" class=\"wp-image-2450\" srcset=\"https:\/\/dentistaemelysotorosa.com\/wp-content\/uploads\/2022\/07\/hilo-dental-en-ninos-1024x683.webp 1024w, https:\/\/dentistaemelysotorosa.com\/wp-content\/uploads\/2022\/07\/hilo-dental-en-ninos-300x200.webp 300w, https:\/\/dentistaemelysotorosa.com\/wp-content\/uploads\/2022\/07\/hilo-dental-en-ninos-768x512.webp 768w, https:\/\/dentistaemelysotorosa.com\/wp-content\/uploads\/2022\/07\/hilo-dental-en-ninos-1536x1024.webp 1536w, https:\/\/dentistaemelysotorosa.com\/wp-content\/uploads\/2022\/07\/hilo-dental-en-ninos.webp 1920w\" sizes=\"auto, (max-width: 1024px) 100vw, 1024px\" \/><\/figure>\n<\/div><\/div>\n\n\n<style>.kadence-column2006_ace4f7-c3 > .kt-inside-inner-col,.kadence-column2006_ace4f7-c3 > .kt-inside-inner-col:before{border-top-left-radius:0px;border-top-right-radius:0px;border-bottom-right-radius:0px;border-bottom-left-radius:0px;}.kadence-column2006_ace4f7-c3 > .kt-inside-inner-col{column-gap:var(--global-kb-gap-sm, 1rem);}.kadence-column2006_ace4f7-c3 > .kt-inside-inner-col{flex-direction:column;}.kadence-column2006_ace4f7-c3 > .kt-inside-inner-col > .aligncenter{width:100%;}.kadence-column2006_ace4f7-c3 > .kt-inside-inner-col:before{opacity:0.3;}.kadence-column2006_ace4f7-c3{position:relative;}@media all and (max-width: 1024px){.kadence-column2006_ace4f7-c3 > .kt-inside-inner-col{flex-direction:column;justify-content:center;}}@media all and (max-width: 767px){.kadence-column2006_ace4f7-c3 > .kt-inside-inner-col{flex-direction:column;justify-content:center;}}<\/style>\n<div class=\"wp-block-kadence-column kadence-column2006_ace4f7-c3 inner-column-2\"><div class=\"kt-inside-inner-col\">\n<figure class=\"wp-block-image size-large\"><img loading=\"lazy\" decoding=\"async\" width=\"1024\" height=\"683\" src=\"https:\/\/dentistaemelysotorosa.com\/wp-content\/uploads\/2022\/07\/Chupetes-en-ninos-1024x683.webp\" alt=\"\" class=\"wp-image-2452\" srcset=\"https:\/\/dentistaemelysotorosa.com\/wp-content\/uploads\/2022\/07\/Chupetes-en-ninos-1024x683.webp 1024w, https:\/\/dentistaemelysotorosa.com\/wp-content\/uploads\/2022\/07\/Chupetes-en-ninos-300x200.webp 300w, https:\/\/dentistaemelysotorosa.com\/wp-content\/uploads\/2022\/07\/Chupetes-en-ninos-768x512.webp 768w, https:\/\/dentistaemelysotorosa.com\/wp-content\/uploads\/2022\/07\/Chupetes-en-ninos-1536x1024.webp 1536w, https:\/\/dentistaemelysotorosa.com\/wp-content\/uploads\/2022\/07\/Chupetes-en-ninos.webp 1920w\" sizes=\"auto, (max-width: 1024px) 100vw, 1024px\" \/><\/figure>\n<\/div><\/div>\n\n<\/div><\/div><style>.wp-block-kadence-advancedheading.kt-adv-heading2006_19d64d-83, .wp-block-kadence-advancedheading.kt-adv-heading2006_19d64d-83[data-kb-block=\"kb-adv-heading2006_19d64d-83\"]{font-style:normal;}.wp-block-kadence-advancedheading.kt-adv-heading2006_19d64d-83 mark.kt-highlight, .wp-block-kadence-advancedheading.kt-adv-heading2006_19d64d-83[data-kb-block=\"kb-adv-heading2006_19d64d-83\"] mark.kt-highlight{font-style:normal;color:#f76a0c;-webkit-box-decoration-break:clone;box-decoration-break:clone;padding-top:0px;padding-right:0px;padding-bottom:0px;padding-left:0px;}<\/style>\n<h2 class=\"kt-adv-heading2006_19d64d-83 wp-block-kadence-advancedheading\" data-kb-block=\"kb-adv-heading2006_19d64d-83\"><strong>Enxivas inchadas nos beb\u00e9s. Que \u00e9 normal?<\/strong><\/h2>\n\n<p>A dentici\u00f3n adoita ir acompa\u00f1ada de enxivas inchadas nos beb\u00e9s. Isto pode causar irritabilidade e molestias no teu pequeno. Proporcionar dentidores seguros e arrefriados pode ser reconfortante. Lembre que, a\u00ednda que \u00e9 com\u00fan, \u00e9 importante estar atento a calquera signo de inchazo extremo ou molestias excesivas.<\/p>\n<style>.wp-block-kadence-advancedheading.kt-adv-heading2006_59502f-b5, .wp-block-kadence-advancedheading.kt-adv-heading2006_59502f-b5[data-kb-block=\"kb-adv-heading2006_59502f-b5\"]{font-style:normal;}.wp-block-kadence-advancedheading.kt-adv-heading2006_59502f-b5 mark.kt-highlight, .wp-block-kadence-advancedheading.kt-adv-heading2006_59502f-b5[data-kb-block=\"kb-adv-heading2006_59502f-b5\"] mark.kt-highlight{font-style:normal;color:#f76a0c;-webkit-box-decoration-break:clone;box-decoration-break:clone;padding-top:0px;padding-right:0px;padding-bottom:0px;padding-left:0px;}<\/style>\n<h2 class=\"kt-adv-heading2006_59502f-b5 wp-block-kadence-advancedheading\" data-kb-block=\"kb-adv-heading2006_59502f-b5\"><strong>Nutrici\u00f3n do beb\u00e9 e sa\u00fade dental:<\/strong><\/h2>\n\n<p>As elecci\u00f3ns alimentarias tam\u00e9n infl\u00faen na sa\u00fade dental do teu beb\u00e9. Cando comeces a experimentar con alimentos s\u00f3lidos, ten en conta o seguinte:<\/p>\n\n<ul class=\"wp-block-list\">\n<li>Non introduza alimentos con azucre ata pasados \u200b\u200bos dous anos de idade, e a partir de ent\u00f3n limita o seu consumo ao menor nivel posible.<\/li>\n\n\n\n<li>Introduce alimentos sans e ricos en nutrientes.<\/li>\n\n\n\n<li>Limitar o consumo de alimentos procesados.<\/li>\n\n\n\n<li>Evite os alimentos pegajosos que poden quedar nos dentes.<\/li>\n<\/ul>\n<style>.wp-block-kadence-advancedgallery.kb-gallery-wrap-id-2006_e678af-21{margin-top:40px;margin-right:0px;margin-bottom:0px;margin-left:0px;}.kb-gallery-id-2006_e678af-21 .kadence-blocks-gallery-item .kb-gal-image-radius, .kb-gallery-id-2006_e678af-21 .kb-slide-item .kb-gal-image-radius img{border-radius:0px 0px 0px 0px;;}.kb-gallery-wrap-id-2006_e678af-21.wp-block-kadence-advancedgallery{overflow:visible;}.kb-gallery-wrap-id-2006_e678af-21.wp-block-kadence-advancedgallery .kt-blocks-carousel{overflow:visible;}<\/style><div class=\"kb-gallery-wrap-id-2006_e678af-21 alignnone wp-block-kadence-advancedgallery\"><div class=\"kb-gallery-ul kb-gallery-non-static kb-gallery-type-slider kb-gallery-id-2006_e678af-21 kb-gallery-caption-style-bottom-hover kb-gallery-filter-none\" data-image-filter=\"none\" data-lightbox-caption=\"true\"><div class=\"kt-blocks-carousel kt-carousel-container-dotstyle-dark\"><div class=\"kt-blocks-carousel-init kb-blocks-slider kt-carousel-arrowstyle-whiteondark kt-carousel-dotstyle-dark kb-slider-group-arrow kb-slider-arrow-position-center\" data-slider-anim-speed=\"400\" data-slider-scroll=\"1\" data-slider-arrows=\"true\" data-slider-fade=\"true\" data-slider-dots=\"true\"data-slider-type=\"slider\"  data-slider-hover-pause=\"false\" data-slider-auto=\"\" data-slider-speed=\"7000\" data-show-pause-button=\"false\"><li class=\"kb-slide-item kb-gallery-slide-item\"><div class=\"kadence-blocks-gallery-item\"><div class=\"kadence-blocks-gallery-item-inner\"><figure class=\"kb-gallery-figure kadence-blocks-gallery-item-hide-caption\"><div class=\"kb-gal-image-radius\"><div class=\"kb-gallery-image-contain kadence-blocks-gallery-intrinsic kb-gallery-image-ratio-land32 kb-has-image-ratio-land32\" ><img loading=\"lazy\" decoding=\"async\" src=\"https:\/\/dentistaemelysotorosa.com\/wp-content\/uploads\/2022\/07\/Alimentacion-infantil-1024x683.webp\" width=\"1024\" height=\"683\" alt=\"\" data-full-image=\"https:\/\/dentistaemelysotorosa.com\/wp-content\/uploads\/2022\/07\/Alimentacion-infantil.webp\" data-light-image=\"https:\/\/dentistaemelysotorosa.com\/wp-content\/uploads\/2022\/07\/Alimentacion-infantil.webp\" data-id=\"2448\" class=\"wp-image-2448 skip-lazy\" srcset=\"https:\/\/dentistaemelysotorosa.com\/wp-content\/uploads\/2022\/07\/Alimentacion-infantil-1024x683.webp 1024w, https:\/\/dentistaemelysotorosa.com\/wp-content\/uploads\/2022\/07\/Alimentacion-infantil-300x200.webp 300w, https:\/\/dentistaemelysotorosa.com\/wp-content\/uploads\/2022\/07\/Alimentacion-infantil-768x512.webp 768w, https:\/\/dentistaemelysotorosa.com\/wp-content\/uploads\/2022\/07\/Alimentacion-infantil-1536x1024.webp 1536w, https:\/\/dentistaemelysotorosa.com\/wp-content\/uploads\/2022\/07\/Alimentacion-infantil.webp 1920w\" sizes=\"auto, (max-width: 1024px) 100vw, 1024px\" \/><\/div><\/div><\/figure><\/div><\/div><\/li><li class=\"kb-slide-item kb-gallery-slide-item\"><div class=\"kadence-blocks-gallery-item\"><div class=\"kadence-blocks-gallery-item-inner\"><figure class=\"kb-gallery-figure kadence-blocks-gallery-item-hide-caption\"><div class=\"kb-gal-image-radius\"><div class=\"kb-gallery-image-contain kadence-blocks-gallery-intrinsic kb-gallery-image-ratio-land32 kb-has-image-ratio-land32\" ><img loading=\"lazy\" decoding=\"async\" src=\"https:\/\/dentistaemelysotorosa.com\/wp-content\/uploads\/2022\/07\/cepillado-a-ninos-1024x683.webp\" width=\"1024\" height=\"683\" alt=\"\" data-full-image=\"https:\/\/dentistaemelysotorosa.com\/wp-content\/uploads\/2022\/07\/cepillado-a-ninos.webp\" data-light-image=\"https:\/\/dentistaemelysotorosa.com\/wp-content\/uploads\/2022\/07\/cepillado-a-ninos.webp\" data-id=\"2453\" class=\"wp-image-2453 skip-lazy\" srcset=\"https:\/\/dentistaemelysotorosa.com\/wp-content\/uploads\/2022\/07\/cepillado-a-ninos-1024x683.webp 1024w, https:\/\/dentistaemelysotorosa.com\/wp-content\/uploads\/2022\/07\/cepillado-a-ninos-300x200.webp 300w, https:\/\/dentistaemelysotorosa.com\/wp-content\/uploads\/2022\/07\/cepillado-a-ninos-768x512.webp 768w, https:\/\/dentistaemelysotorosa.com\/wp-content\/uploads\/2022\/07\/cepillado-a-ninos-1536x1024.webp 1536w, https:\/\/dentistaemelysotorosa.com\/wp-content\/uploads\/2022\/07\/cepillado-a-ninos.webp 1920w\" sizes=\"auto, (max-width: 1024px) 100vw, 1024px\" \/><\/div><\/div><\/figure><\/div><\/div><\/li><li class=\"kb-slide-item kb-gallery-slide-item\"><div class=\"kadence-blocks-gallery-item\"><div class=\"kadence-blocks-gallery-item-inner\"><figure class=\"kb-gallery-figure kadence-blocks-gallery-item-hide-caption\"><div class=\"kb-gal-image-radius\"><div class=\"kb-gallery-image-contain kadence-blocks-gallery-intrinsic kb-gallery-image-ratio-land32 kb-has-image-ratio-land32\" ><img loading=\"lazy\" decoding=\"async\" src=\"https:\/\/dentistaemelysotorosa.com\/wp-content\/uploads\/2022\/07\/Cepillado-en-ninos-1024x683.webp\" width=\"1024\" height=\"683\" alt=\"\" data-full-image=\"https:\/\/dentistaemelysotorosa.com\/wp-content\/uploads\/2022\/07\/Cepillado-en-ninos.webp\" data-light-image=\"https:\/\/dentistaemelysotorosa.com\/wp-content\/uploads\/2022\/07\/Cepillado-en-ninos.webp\" data-id=\"2451\" class=\"wp-image-2451 skip-lazy\" srcset=\"https:\/\/dentistaemelysotorosa.com\/wp-content\/uploads\/2022\/07\/Cepillado-en-ninos-1024x683.webp 1024w, https:\/\/dentistaemelysotorosa.com\/wp-content\/uploads\/2022\/07\/Cepillado-en-ninos-300x200.webp 300w, https:\/\/dentistaemelysotorosa.com\/wp-content\/uploads\/2022\/07\/Cepillado-en-ninos-768x512.webp 768w, https:\/\/dentistaemelysotorosa.com\/wp-content\/uploads\/2022\/07\/Cepillado-en-ninos-1536x1024.webp 1536w, https:\/\/dentistaemelysotorosa.com\/wp-content\/uploads\/2022\/07\/Cepillado-en-ninos.webp 1920w\" sizes=\"auto, (max-width: 1024px) 100vw, 1024px\" \/><\/div><\/div><\/figure><\/div><\/div><\/li><\/div><\/div><\/div><\/div>\n<h2 class=\"wp-block-heading\"><strong>A importancia da primeira visita ao dentista:<\/strong><\/h2>\n\n<p>Velaqu\u00ed un dato esencial apoiado pola Asociaci\u00f3n Espa\u00f1ola de Odontolog\u00eda Pedi\u00e1trica: a visita ao dentista debe producirse cando saia o primeiro dente ou non m\u00e1is tarde do primeiro aniversario do teu beb\u00e9. Estas primeiras visitas non s\u00f3 proporcionan orientaci\u00f3n sobre o coidado bucal na casa, sen\u00f3n que tam\u00e9n axudan ao teu beb\u00e9 a familiarizarse co ambiente dental.<\/p>\n\n<p>En definitiva, os dentes de leche son un tema emocionante e vital para o seu desenvolvemento futuro. Seguindo estas pautas e tendo en conta as recomendaci\u00f3ns de asociaci\u00f3ns de confianza como a Asociaci\u00f3n Espa\u00f1ola de Odontolog\u00eda Pedi\u00e1trica e a Asociaci\u00f3n Americana de Odontolox\u00eda Pedi\u00e1trica, podes garantir un comezo saudable ao sorriso do teu beb\u00e9. Non subestimes o poder deses pequenos dentes e coida a t\u00faa sa\u00fade dental dende o principio.<\/p>\n","protected":false},"excerpt":{"rendered":"<p>Algunha vez te preguntas que pasa cos dentes dos beb\u00e9s? \u00c9 un proceso bastante fascinante! Os primeiros meses e anos da&#8230;<\/p>\n","protected":false},"author":1,"featured_media":2783,"comment_status":"closed","ping_status":"closed","sticky":false,"template":"","format":"standard","meta":{"_kad_blocks_custom_css":"","_kad_blocks_head_custom_js":"","_kad_blocks_body_custom_js":"","_kad_blocks_footer_custom_js":"","_kadence_starter_templates_imported_post":false,"_kad_post_transparent":"","_kad_post_title":"","_kad_post_layout":"","_kad_post_sidebar_id":"","_kad_post_content_style":"","_kad_post_vertical_padding":"","_kad_post_feature":"","_kad_post_feature_position":"","_kad_post_header":false,"_kad_post_footer":false,"_joinchat":[],"footnotes":""},"categories":[14],"tags":[],"class_list":["post-2824","post","type-post","status-publish","format-standard","has-post-thumbnail","hentry","category-consellos-dentais"],"yoast_head":"<!-- This site is optimized with the Yoast SEO plugin v27.4 - https:\/\/yoast.com\/product\/yoast-seo-wordpress\/ -->\n<title>Dentes de leche: 5 cousas importantes que debes saber - Dentista Dra. Emely Soto Rosa<\/title>\n<meta name=\"robots\" content=\"index, follow, max-snippet:-1, max-image-preview:large, max-video-preview:-1\" \/>\n<link rel=\"canonical\" href=\"https:\/\/dentistaemelysotorosa.com\/gl\/2022\/07\/13\/dentes-de-leche-5-cousas-importantes-que-debes-saber\/\" \/>\n<meta property=\"og:locale\" content=\"gl_ES\" \/>\n<meta property=\"og:type\" content=\"article\" \/>\n<meta property=\"og:title\" content=\"Dentes de leche: 5 cousas importantes que debes saber - Dentista Dra. Emely Soto Rosa\" \/>\n<meta property=\"og:description\" content=\"Algunha vez te preguntas que pasa cos dentes dos beb\u00e9s? \u00c9 un proceso bastante fascinante! Os primeiros meses e anos da...\" \/>\n<meta property=\"og:url\" content=\"https:\/\/dentistaemelysotorosa.com\/gl\/2022\/07\/13\/dentes-de-leche-5-cousas-importantes-que-debes-saber\/\" \/>\n<meta property=\"og:site_name\" content=\"Dentista Dra. Emely Soto Rosa\" \/>\n<meta property=\"article:publisher\" content=\"https:\/\/www.facebook.com\/p\/Dra-Emely-Soto-Rosa-100064094321105\/\" \/>\n<meta property=\"article:published_time\" content=\"2022-07-13T17:22:16+00:00\" \/>\n<meta property=\"article:modified_time\" content=\"2024-01-16T18:38:12+00:00\" \/>\n<meta property=\"og:image\" content=\"https:\/\/dentistaemelysotorosa.com\/wp-content\/uploads\/2022\/07\/Foto-de-portada-de-tips-odontopediatria.webp\" \/>\n\t<meta property=\"og:image:width\" content=\"1920\" \/>\n\t<meta property=\"og:image:height\" content=\"1280\" \/>\n\t<meta property=\"og:image:type\" content=\"image\/webp\" \/>\n<meta name=\"author\" content=\"emelysoto\" \/>\n<meta name=\"twitter:card\" content=\"summary_large_image\" \/>\n<meta name=\"twitter:label1\" content=\"Escrito por\" \/>\n\t<meta name=\"twitter:data1\" content=\"emelysoto\" \/>\n\t<meta name=\"twitter:label2\" content=\"Tempo de lectura\" \/>\n\t<meta name=\"twitter:data2\" content=\"3 minutos\" \/>\n<script type=\"application\/ld+json\" class=\"yoast-schema-graph\">{\"@context\":\"https:\\\/\\\/schema.org\",\"@graph\":[{\"@type\":\"Article\",\"@id\":\"https:\\\/\\\/dentistaemelysotorosa.com\\\/gl\\\/2022\\\/07\\\/13\\\/dentes-de-leche-5-cousas-importantes-que-debes-saber\\\/#article\",\"isPartOf\":{\"@id\":\"https:\\\/\\\/dentistaemelysotorosa.com\\\/gl\\\/2022\\\/07\\\/13\\\/dentes-de-leche-5-cousas-importantes-que-debes-saber\\\/\"},\"author\":{\"name\":\"emelysoto\",\"@id\":\"https:\\\/\\\/dentistaemelysotorosa.com\\\/gl\\\/#\\\/schema\\\/person\\\/e41964002f457ac376fe9ce7da76f51f\"},\"headline\":\"Dentes de leche: 5 cousas importantes que debes saber\",\"datePublished\":\"2022-07-13T17:22:16+00:00\",\"dateModified\":\"2024-01-16T18:38:12+00:00\",\"mainEntityOfPage\":{\"@id\":\"https:\\\/\\\/dentistaemelysotorosa.com\\\/gl\\\/2022\\\/07\\\/13\\\/dentes-de-leche-5-cousas-importantes-que-debes-saber\\\/\"},\"wordCount\":522,\"publisher\":{\"@id\":\"https:\\\/\\\/dentistaemelysotorosa.com\\\/gl\\\/#organization\"},\"image\":{\"@id\":\"https:\\\/\\\/dentistaemelysotorosa.com\\\/gl\\\/2022\\\/07\\\/13\\\/dentes-de-leche-5-cousas-importantes-que-debes-saber\\\/#primaryimage\"},\"thumbnailUrl\":\"https:\\\/\\\/dentistaemelysotorosa.com\\\/wp-content\\\/uploads\\\/2022\\\/07\\\/Foto-de-portada-de-tips-odontopediatria.webp\",\"articleSection\":[\"Consellos Dentais\"],\"inLanguage\":\"gl-ES\"},{\"@type\":\"WebPage\",\"@id\":\"https:\\\/\\\/dentistaemelysotorosa.com\\\/gl\\\/2022\\\/07\\\/13\\\/dentes-de-leche-5-cousas-importantes-que-debes-saber\\\/\",\"url\":\"https:\\\/\\\/dentistaemelysotorosa.com\\\/gl\\\/2022\\\/07\\\/13\\\/dentes-de-leche-5-cousas-importantes-que-debes-saber\\\/\",\"name\":\"Dentes de leche: 5 cousas importantes que debes saber - Dentista Dra. Emely Soto Rosa\",\"isPartOf\":{\"@id\":\"https:\\\/\\\/dentistaemelysotorosa.com\\\/gl\\\/#website\"},\"primaryImageOfPage\":{\"@id\":\"https:\\\/\\\/dentistaemelysotorosa.com\\\/gl\\\/2022\\\/07\\\/13\\\/dentes-de-leche-5-cousas-importantes-que-debes-saber\\\/#primaryimage\"},\"image\":{\"@id\":\"https:\\\/\\\/dentistaemelysotorosa.com\\\/gl\\\/2022\\\/07\\\/13\\\/dentes-de-leche-5-cousas-importantes-que-debes-saber\\\/#primaryimage\"},\"thumbnailUrl\":\"https:\\\/\\\/dentistaemelysotorosa.com\\\/wp-content\\\/uploads\\\/2022\\\/07\\\/Foto-de-portada-de-tips-odontopediatria.webp\",\"datePublished\":\"2022-07-13T17:22:16+00:00\",\"dateModified\":\"2024-01-16T18:38:12+00:00\",\"breadcrumb\":{\"@id\":\"https:\\\/\\\/dentistaemelysotorosa.com\\\/gl\\\/2022\\\/07\\\/13\\\/dentes-de-leche-5-cousas-importantes-que-debes-saber\\\/#breadcrumb\"},\"inLanguage\":\"gl-ES\",\"potentialAction\":[{\"@type\":\"ReadAction\",\"target\":[\"https:\\\/\\\/dentistaemelysotorosa.com\\\/gl\\\/2022\\\/07\\\/13\\\/dentes-de-leche-5-cousas-importantes-que-debes-saber\\\/\"]}]},{\"@type\":\"ImageObject\",\"inLanguage\":\"gl-ES\",\"@id\":\"https:\\\/\\\/dentistaemelysotorosa.com\\\/gl\\\/2022\\\/07\\\/13\\\/dentes-de-leche-5-cousas-importantes-que-debes-saber\\\/#primaryimage\",\"url\":\"https:\\\/\\\/dentistaemelysotorosa.com\\\/wp-content\\\/uploads\\\/2022\\\/07\\\/Foto-de-portada-de-tips-odontopediatria.webp\",\"contentUrl\":\"https:\\\/\\\/dentistaemelysotorosa.com\\\/wp-content\\\/uploads\\\/2022\\\/07\\\/Foto-de-portada-de-tips-odontopediatria.webp\",\"width\":1920,\"height\":1280},{\"@type\":\"BreadcrumbList\",\"@id\":\"https:\\\/\\\/dentistaemelysotorosa.com\\\/gl\\\/2022\\\/07\\\/13\\\/dentes-de-leche-5-cousas-importantes-que-debes-saber\\\/#breadcrumb\",\"itemListElement\":[{\"@type\":\"ListItem\",\"position\":1,\"name\":\"Portada\",\"item\":\"https:\\\/\\\/dentistaemelysotorosa.com\\\/gl\\\/\"},{\"@type\":\"ListItem\",\"position\":2,\"name\":\"Dentes de leche: 5 cousas importantes que debes saber\"}]},{\"@type\":\"WebSite\",\"@id\":\"https:\\\/\\\/dentistaemelysotorosa.com\\\/gl\\\/#website\",\"url\":\"https:\\\/\\\/dentistaemelysotorosa.com\\\/gl\\\/\",\"name\":\"Dentista Dra. Emely Soto Rosa\",\"description\":\"Sitio web de Dentista Dra. Emely Soto Rosa\",\"publisher\":{\"@id\":\"https:\\\/\\\/dentistaemelysotorosa.com\\\/gl\\\/#organization\"},\"potentialAction\":[{\"@type\":\"SearchAction\",\"target\":{\"@type\":\"EntryPoint\",\"urlTemplate\":\"https:\\\/\\\/dentistaemelysotorosa.com\\\/gl\\\/?s={search_term_string}\"},\"query-input\":{\"@type\":\"PropertyValueSpecification\",\"valueRequired\":true,\"valueName\":\"search_term_string\"}}],\"inLanguage\":\"gl-ES\"},{\"@type\":\"Organization\",\"@id\":\"https:\\\/\\\/dentistaemelysotorosa.com\\\/gl\\\/#organization\",\"name\":\"Dentista Dra. Emely Soto Rosa\",\"url\":\"https:\\\/\\\/dentistaemelysotorosa.com\\\/gl\\\/\",\"logo\":{\"@type\":\"ImageObject\",\"inLanguage\":\"gl-ES\",\"@id\":\"https:\\\/\\\/dentistaemelysotorosa.com\\\/gl\\\/#\\\/schema\\\/logo\\\/image\\\/\",\"url\":\"https:\\\/\\\/dentistaemelysotorosa.com\\\/wp-content\\\/uploads\\\/2023\\\/08\\\/diente-del-logo-menor-tamano.webp\",\"contentUrl\":\"https:\\\/\\\/dentistaemelysotorosa.com\\\/wp-content\\\/uploads\\\/2023\\\/08\\\/diente-del-logo-menor-tamano.webp\",\"width\":80,\"height\":80,\"caption\":\"Dentista Dra. Emely Soto Rosa\"},\"image\":{\"@id\":\"https:\\\/\\\/dentistaemelysotorosa.com\\\/gl\\\/#\\\/schema\\\/logo\\\/image\\\/\"},\"sameAs\":[\"https:\\\/\\\/www.facebook.com\\\/p\\\/Dra-Emely-Soto-Rosa-100064094321105\\\/\",\"https:\\\/\\\/www.tiktok.com\\\/@emelysoto26\"]},{\"@type\":\"Person\",\"@id\":\"https:\\\/\\\/dentistaemelysotorosa.com\\\/gl\\\/#\\\/schema\\\/person\\\/e41964002f457ac376fe9ce7da76f51f\",\"name\":\"emelysoto\",\"image\":{\"@type\":\"ImageObject\",\"inLanguage\":\"gl-ES\",\"@id\":\"https:\\\/\\\/dentistaemelysotorosa.com\\\/wp-content\\\/litespeed\\\/avatar\\\/a25b28e162481d2be8e7f3bff0f8f91a.jpg?ver=1777302732\",\"url\":\"https:\\\/\\\/dentistaemelysotorosa.com\\\/wp-content\\\/litespeed\\\/avatar\\\/a25b28e162481d2be8e7f3bff0f8f91a.jpg?ver=1777302732\",\"contentUrl\":\"https:\\\/\\\/dentistaemelysotorosa.com\\\/wp-content\\\/litespeed\\\/avatar\\\/a25b28e162481d2be8e7f3bff0f8f91a.jpg?ver=1777302732\",\"caption\":\"emelysoto\"},\"sameAs\":[\"https:\\\/\\\/dentistaemelysotorosa.com\"],\"url\":\"https:\\\/\\\/dentistaemelysotorosa.com\\\/gl\\\/author\\\/emelysoto\\\/\"}]}<\/script>\n<!-- \/ Yoast SEO plugin. -->","yoast_head_json":{"title":"Dentes de leche: 5 cousas importantes que debes saber - Dentista Dra. Emely Soto Rosa","robots":{"index":"index","follow":"follow","max-snippet":"max-snippet:-1","max-image-preview":"max-image-preview:large","max-video-preview":"max-video-preview:-1"},"canonical":"https:\/\/dentistaemelysotorosa.com\/gl\/2022\/07\/13\/dentes-de-leche-5-cousas-importantes-que-debes-saber\/","og_locale":"gl_ES","og_type":"article","og_title":"Dentes de leche: 5 cousas importantes que debes saber - Dentista Dra. Emely Soto Rosa","og_description":"Algunha vez te preguntas que pasa cos dentes dos beb\u00e9s? \u00c9 un proceso bastante fascinante! Os primeiros meses e anos da...","og_url":"https:\/\/dentistaemelysotorosa.com\/gl\/2022\/07\/13\/dentes-de-leche-5-cousas-importantes-que-debes-saber\/","og_site_name":"Dentista Dra. Emely Soto Rosa","article_publisher":"https:\/\/www.facebook.com\/p\/Dra-Emely-Soto-Rosa-100064094321105\/","article_published_time":"2022-07-13T17:22:16+00:00","article_modified_time":"2024-01-16T18:38:12+00:00","og_image":[{"width":1920,"height":1280,"url":"https:\/\/dentistaemelysotorosa.com\/wp-content\/uploads\/2022\/07\/Foto-de-portada-de-tips-odontopediatria.webp","type":"image\/webp"}],"author":"emelysoto","twitter_card":"summary_large_image","twitter_misc":{"Escrito por":"emelysoto","Tempo de lectura":"3 minutos"},"schema":{"@context":"https:\/\/schema.org","@graph":[{"@type":"Article","@id":"https:\/\/dentistaemelysotorosa.com\/gl\/2022\/07\/13\/dentes-de-leche-5-cousas-importantes-que-debes-saber\/#article","isPartOf":{"@id":"https:\/\/dentistaemelysotorosa.com\/gl\/2022\/07\/13\/dentes-de-leche-5-cousas-importantes-que-debes-saber\/"},"author":{"name":"emelysoto","@id":"https:\/\/dentistaemelysotorosa.com\/gl\/#\/schema\/person\/e41964002f457ac376fe9ce7da76f51f"},"headline":"Dentes de leche: 5 cousas importantes que debes saber","datePublished":"2022-07-13T17:22:16+00:00","dateModified":"2024-01-16T18:38:12+00:00","mainEntityOfPage":{"@id":"https:\/\/dentistaemelysotorosa.com\/gl\/2022\/07\/13\/dentes-de-leche-5-cousas-importantes-que-debes-saber\/"},"wordCount":522,"publisher":{"@id":"https:\/\/dentistaemelysotorosa.com\/gl\/#organization"},"image":{"@id":"https:\/\/dentistaemelysotorosa.com\/gl\/2022\/07\/13\/dentes-de-leche-5-cousas-importantes-que-debes-saber\/#primaryimage"},"thumbnailUrl":"https:\/\/dentistaemelysotorosa.com\/wp-content\/uploads\/2022\/07\/Foto-de-portada-de-tips-odontopediatria.webp","articleSection":["Consellos Dentais"],"inLanguage":"gl-ES"},{"@type":"WebPage","@id":"https:\/\/dentistaemelysotorosa.com\/gl\/2022\/07\/13\/dentes-de-leche-5-cousas-importantes-que-debes-saber\/","url":"https:\/\/dentistaemelysotorosa.com\/gl\/2022\/07\/13\/dentes-de-leche-5-cousas-importantes-que-debes-saber\/","name":"Dentes de leche: 5 cousas importantes que debes saber - Dentista Dra. Emely Soto Rosa","isPartOf":{"@id":"https:\/\/dentistaemelysotorosa.com\/gl\/#website"},"primaryImageOfPage":{"@id":"https:\/\/dentistaemelysotorosa.com\/gl\/2022\/07\/13\/dentes-de-leche-5-cousas-importantes-que-debes-saber\/#primaryimage"},"image":{"@id":"https:\/\/dentistaemelysotorosa.com\/gl\/2022\/07\/13\/dentes-de-leche-5-cousas-importantes-que-debes-saber\/#primaryimage"},"thumbnailUrl":"https:\/\/dentistaemelysotorosa.com\/wp-content\/uploads\/2022\/07\/Foto-de-portada-de-tips-odontopediatria.webp","datePublished":"2022-07-13T17:22:16+00:00","dateModified":"2024-01-16T18:38:12+00:00","breadcrumb":{"@id":"https:\/\/dentistaemelysotorosa.com\/gl\/2022\/07\/13\/dentes-de-leche-5-cousas-importantes-que-debes-saber\/#breadcrumb"},"inLanguage":"gl-ES","potentialAction":[{"@type":"ReadAction","target":["https:\/\/dentistaemelysotorosa.com\/gl\/2022\/07\/13\/dentes-de-leche-5-cousas-importantes-que-debes-saber\/"]}]},{"@type":"ImageObject","inLanguage":"gl-ES","@id":"https:\/\/dentistaemelysotorosa.com\/gl\/2022\/07\/13\/dentes-de-leche-5-cousas-importantes-que-debes-saber\/#primaryimage","url":"https:\/\/dentistaemelysotorosa.com\/wp-content\/uploads\/2022\/07\/Foto-de-portada-de-tips-odontopediatria.webp","contentUrl":"https:\/\/dentistaemelysotorosa.com\/wp-content\/uploads\/2022\/07\/Foto-de-portada-de-tips-odontopediatria.webp","width":1920,"height":1280},{"@type":"BreadcrumbList","@id":"https:\/\/dentistaemelysotorosa.com\/gl\/2022\/07\/13\/dentes-de-leche-5-cousas-importantes-que-debes-saber\/#breadcrumb","itemListElement":[{"@type":"ListItem","position":1,"name":"Portada","item":"https:\/\/dentistaemelysotorosa.com\/gl\/"},{"@type":"ListItem","position":2,"name":"Dentes de leche: 5 cousas importantes que debes saber"}]},{"@type":"WebSite","@id":"https:\/\/dentistaemelysotorosa.com\/gl\/#website","url":"https:\/\/dentistaemelysotorosa.com\/gl\/","name":"Dentista Dra. Emely Soto Rosa","description":"Sitio web de Dentista Dra. Emely Soto Rosa","publisher":{"@id":"https:\/\/dentistaemelysotorosa.com\/gl\/#organization"},"potentialAction":[{"@type":"SearchAction","target":{"@type":"EntryPoint","urlTemplate":"https:\/\/dentistaemelysotorosa.com\/gl\/?s={search_term_string}"},"query-input":{"@type":"PropertyValueSpecification","valueRequired":true,"valueName":"search_term_string"}}],"inLanguage":"gl-ES"},{"@type":"Organization","@id":"https:\/\/dentistaemelysotorosa.com\/gl\/#organization","name":"Dentista Dra. Emely Soto Rosa","url":"https:\/\/dentistaemelysotorosa.com\/gl\/","logo":{"@type":"ImageObject","inLanguage":"gl-ES","@id":"https:\/\/dentistaemelysotorosa.com\/gl\/#\/schema\/logo\/image\/","url":"https:\/\/dentistaemelysotorosa.com\/wp-content\/uploads\/2023\/08\/diente-del-logo-menor-tamano.webp","contentUrl":"https:\/\/dentistaemelysotorosa.com\/wp-content\/uploads\/2023\/08\/diente-del-logo-menor-tamano.webp","width":80,"height":80,"caption":"Dentista Dra. Emely Soto Rosa"},"image":{"@id":"https:\/\/dentistaemelysotorosa.com\/gl\/#\/schema\/logo\/image\/"},"sameAs":["https:\/\/www.facebook.com\/p\/Dra-Emely-Soto-Rosa-100064094321105\/","https:\/\/www.tiktok.com\/@emelysoto26"]},{"@type":"Person","@id":"https:\/\/dentistaemelysotorosa.com\/gl\/#\/schema\/person\/e41964002f457ac376fe9ce7da76f51f","name":"emelysoto","image":{"@type":"ImageObject","inLanguage":"gl-ES","@id":"https:\/\/dentistaemelysotorosa.com\/wp-content\/litespeed\/avatar\/a25b28e162481d2be8e7f3bff0f8f91a.jpg?ver=1777302732","url":"https:\/\/dentistaemelysotorosa.com\/wp-content\/litespeed\/avatar\/a25b28e162481d2be8e7f3bff0f8f91a.jpg?ver=1777302732","contentUrl":"https:\/\/dentistaemelysotorosa.com\/wp-content\/litespeed\/avatar\/a25b28e162481d2be8e7f3bff0f8f91a.jpg?ver=1777302732","caption":"emelysoto"},"sameAs":["https:\/\/dentistaemelysotorosa.com"],"url":"https:\/\/dentistaemelysotorosa.com\/gl\/author\/emelysoto\/"}]}},"taxonomy_info":{"category":[{"value":14,"label":"Consellos Dentais"}]},"featured_image_src_large":["https:\/\/dentistaemelysotorosa.com\/wp-content\/uploads\/2022\/07\/Foto-de-portada-de-tips-odontopediatria-1024x683.webp",1024,683,true],"author_info":{"display_name":"emelysoto","author_link":"https:\/\/dentistaemelysotorosa.com\/gl\/author\/emelysoto\/"},"comment_info":0,"category_info":[{"term_id":14,"name":"Consellos Dentais","slug":"consellos-dentais","term_group":0,"term_taxonomy_id":14,"taxonomy":"category","description":"","parent":0,"count":5,"filter":"raw","cat_ID":14,"category_count":5,"category_description":"","cat_name":"Consellos Dentais","category_nicename":"consellos-dentais","category_parent":0}],"tag_info":false,"_links":{"self":[{"href":"https:\/\/dentistaemelysotorosa.com\/gl\/wp-json\/wp\/v2\/posts\/2824","targetHints":{"allow":["GET"]}}],"collection":[{"href":"https:\/\/dentistaemelysotorosa.com\/gl\/wp-json\/wp\/v2\/posts"}],"about":[{"href":"https:\/\/dentistaemelysotorosa.com\/gl\/wp-json\/wp\/v2\/types\/post"}],"author":[{"embeddable":true,"href":"https:\/\/dentistaemelysotorosa.com\/gl\/wp-json\/wp\/v2\/users\/1"}],"replies":[{"embeddable":true,"href":"https:\/\/dentistaemelysotorosa.com\/gl\/wp-json\/wp\/v2\/comments?post=2824"}],"version-history":[{"count":0,"href":"https:\/\/dentistaemelysotorosa.com\/gl\/wp-json\/wp\/v2\/posts\/2824\/revisions"}],"wp:featuredmedia":[{"embeddable":true,"href":"https:\/\/dentistaemelysotorosa.com\/gl\/wp-json\/wp\/v2\/media\/2783"}],"wp:attachment":[{"href":"https:\/\/dentistaemelysotorosa.com\/gl\/wp-json\/wp\/v2\/media?parent=2824"}],"wp:term":[{"taxonomy":"category","embeddable":true,"href":"https:\/\/dentistaemelysotorosa.com\/gl\/wp-json\/wp\/v2\/categories?post=2824"},{"taxonomy":"post_tag","embeddable":true,"href":"https:\/\/dentistaemelysotorosa.com\/gl\/wp-json\/wp\/v2\/tags?post=2824"}],"curies":[{"name":"wp","href":"https:\/\/api.w.org\/{rel}","templated":true}]}}