{"id":2833,"date":"2022-07-13T17:20:15","date_gmt":"2022-07-13T17:20:15","guid":{"rendered":"https:\/\/dentistaemelysotorosa.com\/2022\/07\/13\/antes-de-escoller-brackets-o-que-debes-saber\/"},"modified":"2024-01-16T18:38:07","modified_gmt":"2024-01-16T18:38:07","slug":"antes-de-escoller-brackets-o-que-debes-saber","status":"publish","type":"post","link":"https:\/\/dentistaemelysotorosa.com\/gl\/2022\/07\/13\/antes-de-escoller-brackets-o-que-debes-saber\/","title":{"rendered":"Antes de escoller brackets: o que debes saber"},"content":{"rendered":"\n<p>Listo para transformar o teu sorriso usando a ortodoncia? Antes de dar o paso, \u00e9 fundamental que esteas informado e preparado. Aqu\u00ed atopar\u00e1s informaci\u00f3n vital apoiada polas asociaci\u00f3ns oficiais de odontolox\u00eda. Descubra todo o que precisa saber antes de comezar a s\u00faa viaxe cara a un sorriso recto e saudable.<\/p>\n\n<h2 class=\"wp-block-heading\"><strong>Tipos de llaves: explorando as s\u00faas opci\u00f3ns<\/strong><\/h2>\n\n<p>Cando se trata de tipos de ortodoncia, hai opci\u00f3ns para adaptarse \u00e1s t\u00faas preferencias e necesidades:<\/p>\n\n<ul class=\"wp-block-list\">\n<li><strong>Aparatos dentais convencionais:<\/strong> son aparatos met\u00e1licos tradicionais, eficaces e econ\u00f3micos.<\/li>\n\n\n\n<li><strong>Brackets est\u00e9ticos:<\/strong> dese\u00f1ados para ser menos visibles, poden ser de cer\u00e1mica, polo que se funden coa cor do dente.<\/li>\n\n\n\n<li><strong>Ortodoncia invisible:<\/strong> real\u00edzase mediante alineadores transparentes.<\/li>\n\n\n\n<li><strong>Ortodoncia lingual:<\/strong> outro enfoque innovador \u00e9 a ortodoncia lingual, onde os aparatos ortop\u00e9dicos col\u00f3canse na parte posterior dos dentes, fac\u00e9ndoos practicamente invisibles desde a fronte.<\/li>\n<\/ul>\n<style>.wp-block-kadence-advancedheading.kt-adv-heading2004_ad8560-54, .wp-block-kadence-advancedheading.kt-adv-heading2004_ad8560-54[data-kb-block=\"kb-adv-heading2004_ad8560-54\"]{font-style:normal;}.wp-block-kadence-advancedheading.kt-adv-heading2004_ad8560-54 mark.kt-highlight, .wp-block-kadence-advancedheading.kt-adv-heading2004_ad8560-54[data-kb-block=\"kb-adv-heading2004_ad8560-54\"] mark.kt-highlight{font-style:normal;color:#f76a0c;-webkit-box-decoration-break:clone;box-decoration-break:clone;padding-top:0px;padding-right:0px;padding-bottom:0px;padding-left:0px;}<\/style>\n<h2 class=\"kt-adv-heading2004_ad8560-54 wp-block-kadence-advancedheading\" data-kb-block=\"kb-adv-heading2004_ad8560-54\"><strong>O papel da ortodoncia na sa\u00fade dental<\/strong><\/h2>\n\n<p>A ortodoncia vai m\u00e1is al\u00f3 da est\u00e9tica, tam\u00e9n afecta a t\u00faa sa\u00fade bucodental:<\/p>\n\n<ul class=\"wp-block-list\">\n<li><strong>Correcci\u00f3n da mordida:<\/strong> a ortodoncia ali\u00f1a os dentes para mellorar a funci\u00f3n de mordida e masticaci\u00f3n.<\/li>\n\n\n\n<li><strong>Prevenci\u00f3n de problemas:<\/strong> corrixir as maloclusi\u00f3ns pode evitar problemas futuros como o desgaste dos dentes.<\/li>\n\n\n\n<li><strong>Hixiene mellorada:<\/strong> os dentes ali\u00f1ados son m\u00e1is f\u00e1ciles de limpar, reducindo o risco de caries.<\/li>\n<\/ul>\n\n<figure class=\"wp-block-image size-large\"><img loading=\"lazy\" decoding=\"async\" width=\"1024\" height=\"683\" src=\"https:\/\/dentistaemelysotorosa.com\/wp-content\/uploads\/2022\/07\/Correccion-de-mordida-1024x683.webp\" alt=\"\" class=\"wp-image-2458\" srcset=\"https:\/\/dentistaemelysotorosa.com\/wp-content\/uploads\/2022\/07\/Correccion-de-mordida-1024x683.webp 1024w, https:\/\/dentistaemelysotorosa.com\/wp-content\/uploads\/2022\/07\/Correccion-de-mordida-300x200.webp 300w, https:\/\/dentistaemelysotorosa.com\/wp-content\/uploads\/2022\/07\/Correccion-de-mordida-768x512.webp 768w, https:\/\/dentistaemelysotorosa.com\/wp-content\/uploads\/2022\/07\/Correccion-de-mordida-1536x1025.webp 1536w, https:\/\/dentistaemelysotorosa.com\/wp-content\/uploads\/2022\/07\/Correccion-de-mordida.webp 1920w\" sizes=\"auto, (max-width: 1024px) 100vw, 1024px\" \/><\/figure>\n<style>.kb-row-layout-id2004_5fd8ba-26 > .kt-row-column-wrap{align-content:start;}:where(.kb-row-layout-id2004_5fd8ba-26 > .kt-row-column-wrap) > .wp-block-kadence-column{justify-content:start;}.kb-row-layout-id2004_5fd8ba-26 > .kt-row-column-wrap{column-gap:var(--global-kb-gap-md, 2rem);row-gap:var(--global-kb-gap-md, 2rem);padding-top:0px;padding-right:0px;padding-bottom:40px;padding-left:0px;grid-template-columns:repeat(2, minmax(0, 1fr));}.kb-row-layout-id2004_5fd8ba-26 > .kt-row-layout-overlay{opacity:0.30;}@media all and (max-width: 1024px){.kb-row-layout-id2004_5fd8ba-26 > .kt-row-column-wrap{grid-template-columns:repeat(2, minmax(0, 1fr));}}@media all and (max-width: 767px){.kb-row-layout-id2004_5fd8ba-26 > .kt-row-column-wrap{grid-template-columns:minmax(0, 1fr);}}<\/style><div class=\"kb-row-layout-wrap kb-row-layout-id2004_5fd8ba-26 alignnone wp-block-kadence-rowlayout\"><div class=\"kt-row-column-wrap kt-has-2-columns kt-row-layout-equal kt-tab-layout-inherit kt-mobile-layout-row kt-row-valign-top\">\n<style>.kadence-column2004_f23355-77 > .kt-inside-inner-col,.kadence-column2004_f23355-77 > .kt-inside-inner-col:before{border-top-left-radius:0px;border-top-right-radius:0px;border-bottom-right-radius:0px;border-bottom-left-radius:0px;}.kadence-column2004_f23355-77 > .kt-inside-inner-col{column-gap:var(--global-kb-gap-sm, 1rem);}.kadence-column2004_f23355-77 > .kt-inside-inner-col{flex-direction:column;}.kadence-column2004_f23355-77 > .kt-inside-inner-col > .aligncenter{width:100%;}.kadence-column2004_f23355-77 > .kt-inside-inner-col:before{opacity:0.3;}.kadence-column2004_f23355-77{position:relative;}@media all and (max-width: 1024px){.kadence-column2004_f23355-77 > .kt-inside-inner-col{flex-direction:column;justify-content:center;}}@media all and (max-width: 767px){.kadence-column2004_f23355-77 > .kt-inside-inner-col{flex-direction:column;justify-content:center;}}<\/style>\n<div class=\"wp-block-kadence-column kadence-column2004_f23355-77 inner-column-1\"><div class=\"kt-inside-inner-col\">\n<figure class=\"wp-block-image size-large\"><img loading=\"lazy\" decoding=\"async\" width=\"1024\" height=\"683\" src=\"https:\/\/dentistaemelysotorosa.com\/wp-content\/uploads\/2022\/07\/Correccion-de-mordida-1-1024x683.webp\" alt=\"\" class=\"wp-image-2457\" srcset=\"https:\/\/dentistaemelysotorosa.com\/wp-content\/uploads\/2022\/07\/Correccion-de-mordida-1-1024x683.webp 1024w, https:\/\/dentistaemelysotorosa.com\/wp-content\/uploads\/2022\/07\/Correccion-de-mordida-1-300x200.webp 300w, https:\/\/dentistaemelysotorosa.com\/wp-content\/uploads\/2022\/07\/Correccion-de-mordida-1-768x512.webp 768w, https:\/\/dentistaemelysotorosa.com\/wp-content\/uploads\/2022\/07\/Correccion-de-mordida-1-1536x1024.webp 1536w, https:\/\/dentistaemelysotorosa.com\/wp-content\/uploads\/2022\/07\/Correccion-de-mordida-1.webp 1920w\" sizes=\"auto, (max-width: 1024px) 100vw, 1024px\" \/><\/figure>\n<\/div><\/div>\n\n\n<style>.kadence-column2004_8d3825-b3 > .kt-inside-inner-col,.kadence-column2004_8d3825-b3 > .kt-inside-inner-col:before{border-top-left-radius:0px;border-top-right-radius:0px;border-bottom-right-radius:0px;border-bottom-left-radius:0px;}.kadence-column2004_8d3825-b3 > .kt-inside-inner-col{column-gap:var(--global-kb-gap-sm, 1rem);}.kadence-column2004_8d3825-b3 > .kt-inside-inner-col{flex-direction:column;}.kadence-column2004_8d3825-b3 > .kt-inside-inner-col > .aligncenter{width:100%;}.kadence-column2004_8d3825-b3 > .kt-inside-inner-col:before{opacity:0.3;}.kadence-column2004_8d3825-b3{position:relative;}@media all and (max-width: 1024px){.kadence-column2004_8d3825-b3 > .kt-inside-inner-col{flex-direction:column;justify-content:center;}}@media all and (max-width: 767px){.kadence-column2004_8d3825-b3 > .kt-inside-inner-col{flex-direction:column;justify-content:center;}}<\/style>\n<div class=\"wp-block-kadence-column kadence-column2004_8d3825-b3 inner-column-2\"><div class=\"kt-inside-inner-col\">\n<figure class=\"wp-block-image size-large\"><img loading=\"lazy\" decoding=\"async\" width=\"1024\" height=\"669\" src=\"https:\/\/dentistaemelysotorosa.com\/wp-content\/uploads\/2022\/07\/ortodoncia-en-consulta-1024x669.webp\" alt=\"\" class=\"wp-image-2459\" srcset=\"https:\/\/dentistaemelysotorosa.com\/wp-content\/uploads\/2022\/07\/ortodoncia-en-consulta-1024x669.webp 1024w, https:\/\/dentistaemelysotorosa.com\/wp-content\/uploads\/2022\/07\/ortodoncia-en-consulta-300x196.webp 300w, https:\/\/dentistaemelysotorosa.com\/wp-content\/uploads\/2022\/07\/ortodoncia-en-consulta-768x502.webp 768w, https:\/\/dentistaemelysotorosa.com\/wp-content\/uploads\/2022\/07\/ortodoncia-en-consulta-1536x1003.webp 1536w, https:\/\/dentistaemelysotorosa.com\/wp-content\/uploads\/2022\/07\/ortodoncia-en-consulta.webp 1920w\" sizes=\"auto, (max-width: 1024px) 100vw, 1024px\" \/><\/figure>\n<\/div><\/div>\n\n<\/div><\/div><style>.wp-block-kadence-advancedheading.kt-adv-heading2004_983abd-6f, .wp-block-kadence-advancedheading.kt-adv-heading2004_983abd-6f[data-kb-block=\"kb-adv-heading2004_983abd-6f\"]{font-style:normal;}.wp-block-kadence-advancedheading.kt-adv-heading2004_983abd-6f mark.kt-highlight, .wp-block-kadence-advancedheading.kt-adv-heading2004_983abd-6f[data-kb-block=\"kb-adv-heading2004_983abd-6f\"] mark.kt-highlight{font-style:normal;color:#f76a0c;-webkit-box-decoration-break:clone;box-decoration-break:clone;padding-top:0px;padding-right:0px;padding-bottom:0px;padding-left:0px;}<\/style>\n<h2 class=\"kt-adv-heading2004_983abd-6f wp-block-kadence-advancedheading\" data-kb-block=\"kb-adv-heading2004_983abd-6f\"><strong>Explorando a est\u00e9tica e os brackets invisibles<\/strong><\/h2>\n\n<p>A ortodoncia est\u00e9tica e invisible ofrece vantaxes adicionais:<\/p>\n\n<ul class=\"wp-block-list\">\n<li><strong>Aspecto est\u00e9tico:<\/strong> os brackets est\u00e9ticos, como os de cer\u00e1mica, mest\u00faranse cos teus dentes.<\/li>\n\n\n\n<li><strong>Total discreci\u00f3n:<\/strong> os tirantes invisibles son practicamente invisibles e desmontables para comer e cepillar.<\/li>\n\n\n\n<li><strong>Comodidade:<\/strong> A tecnolox\u00eda de ortodoncia avanzada ofrece unha experiencia c\u00f3moda e menos irritaci\u00f3n.<\/li>\n<\/ul>\n<style>.wp-block-kadence-advancedheading.kt-adv-heading2004_1c8a85-f1, .wp-block-kadence-advancedheading.kt-adv-heading2004_1c8a85-f1[data-kb-block=\"kb-adv-heading2004_1c8a85-f1\"]{font-style:normal;}.wp-block-kadence-advancedheading.kt-adv-heading2004_1c8a85-f1 mark.kt-highlight, .wp-block-kadence-advancedheading.kt-adv-heading2004_1c8a85-f1[data-kb-block=\"kb-adv-heading2004_1c8a85-f1\"] mark.kt-highlight{font-style:normal;color:#f76a0c;-webkit-box-decoration-break:clone;box-decoration-break:clone;padding-top:0px;padding-right:0px;padding-bottom:0px;padding-left:0px;}<\/style>\n<h2 class=\"kt-adv-heading2004_1c8a85-f1 wp-block-kadence-advancedheading\" data-kb-block=\"kb-adv-heading2004_1c8a85-f1\"><strong>Preparaci\u00f3n para o tratamento con brackets<\/strong><\/h2>\n\n<p>Antes de comezar o tratamento con brackets, te\u00f1a en conta:<\/p>\n\n<ul class=\"wp-block-list\">\n<li><strong>Consulta profesional:<\/strong> un ortodoncista avaliar\u00e1 as s\u00faas necesidades e recomendar\u00e1 a mellor opci\u00f3n.<\/li>\n\n\n\n<li><strong>Coidados Bucodentais Rigurosos:<\/strong> Manter unha hixiene bucal impecable para evitar problemas durante o tratamento.<\/li>\n\n\n\n<li><strong>Posible molestia inicial:<\/strong> os primeiros d\u00edas poden ser inc\u00f3modos, pero o corpo ad\u00e1ptase.<\/li>\n<\/ul>\n<style>.wp-block-kadence-advancedgallery.kb-gallery-wrap-id-2004_3e8403-8f{margin-top:40px;margin-right:0px;margin-bottom:0px;margin-left:0px;}.kb-gallery-id-2004_3e8403-8f .kadence-blocks-gallery-item .kb-gal-image-radius, .kb-gallery-id-2004_3e8403-8f .kb-slide-item .kb-gal-image-radius img{border-radius:0px 0px 0px 0px;;}.kb-gallery-wrap-id-2004_3e8403-8f.wp-block-kadence-advancedgallery{overflow:visible;}.kb-gallery-wrap-id-2004_3e8403-8f.wp-block-kadence-advancedgallery .kt-blocks-carousel{overflow:visible;}<\/style><div class=\"kb-gallery-wrap-id-2004_3e8403-8f alignnone wp-block-kadence-advancedgallery\"><div class=\"kb-gallery-ul kb-gallery-non-static kb-gallery-type-slider kb-gallery-id-2004_3e8403-8f kb-gallery-caption-style-bottom-hover kb-gallery-filter-none\" data-image-filter=\"none\" data-lightbox-caption=\"true\"><div class=\"kt-blocks-carousel kt-carousel-container-dotstyle-dark\"><div class=\"kt-blocks-carousel-init kb-blocks-slider kt-carousel-arrowstyle-whiteondark kt-carousel-dotstyle-dark kb-slider-group-arrow kb-slider-arrow-position-center\" data-slider-anim-speed=\"400\" data-slider-scroll=\"1\" data-slider-arrows=\"true\" data-slider-fade=\"true\" data-slider-dots=\"true\"data-slider-type=\"slider\"  data-slider-hover-pause=\"false\" data-slider-auto=\"1\" data-slider-speed=\"7000\" data-show-pause-button=\"false\"><li class=\"kb-slide-item kb-gallery-slide-item\"><div class=\"kadence-blocks-gallery-item\"><div class=\"kadence-blocks-gallery-item-inner\"><figure class=\"kb-gallery-figure kadence-blocks-gallery-item-hide-caption\"><div class=\"kb-gal-image-radius\"><div class=\"kb-gallery-image-contain kadence-blocks-gallery-intrinsic kb-gallery-image-ratio-land32 kb-has-image-ratio-land32\" ><img loading=\"lazy\" decoding=\"async\" src=\"https:\/\/dentistaemelysotorosa.com\/wp-content\/uploads\/2022\/07\/Ortodoncia-invisible-1-1024x683.webp\" width=\"1024\" height=\"683\" alt=\"\" data-full-image=\"https:\/\/dentistaemelysotorosa.com\/wp-content\/uploads\/2022\/07\/Ortodoncia-invisible-1.webp\" data-light-image=\"https:\/\/dentistaemelysotorosa.com\/wp-content\/uploads\/2022\/07\/Ortodoncia-invisible-1.webp\" data-id=\"2460\" class=\"wp-image-2460 skip-lazy\" srcset=\"https:\/\/dentistaemelysotorosa.com\/wp-content\/uploads\/2022\/07\/Ortodoncia-invisible-1-1024x683.webp 1024w, https:\/\/dentistaemelysotorosa.com\/wp-content\/uploads\/2022\/07\/Ortodoncia-invisible-1-300x200.webp 300w, https:\/\/dentistaemelysotorosa.com\/wp-content\/uploads\/2022\/07\/Ortodoncia-invisible-1-768x512.webp 768w, https:\/\/dentistaemelysotorosa.com\/wp-content\/uploads\/2022\/07\/Ortodoncia-invisible-1-1536x1024.webp 1536w, https:\/\/dentistaemelysotorosa.com\/wp-content\/uploads\/2022\/07\/Ortodoncia-invisible-1.webp 1920w\" sizes=\"auto, (max-width: 1024px) 100vw, 1024px\" \/><\/div><\/div><\/figure><\/div><\/div><\/li><li class=\"kb-slide-item kb-gallery-slide-item\"><div class=\"kadence-blocks-gallery-item\"><div class=\"kadence-blocks-gallery-item-inner\"><figure class=\"kb-gallery-figure kadence-blocks-gallery-item-hide-caption\"><div class=\"kb-gal-image-radius\"><div class=\"kb-gallery-image-contain kadence-blocks-gallery-intrinsic kb-gallery-image-ratio-land32 kb-has-image-ratio-land32\" ><img loading=\"lazy\" decoding=\"async\" src=\"https:\/\/dentistaemelysotorosa.com\/wp-content\/uploads\/2022\/07\/Ortodoncia-invisible-3-1024x683.webp\" width=\"1024\" height=\"683\" alt=\"Ortodoncia invisible - Dentista Emely Soto Rosa\" data-full-image=\"https:\/\/dentistaemelysotorosa.com\/wp-content\/uploads\/2022\/07\/Ortodoncia-invisible-3.webp\" data-light-image=\"https:\/\/dentistaemelysotorosa.com\/wp-content\/uploads\/2022\/07\/Ortodoncia-invisible-3.webp\" data-id=\"2462\" class=\"wp-image-2462 skip-lazy\" srcset=\"https:\/\/dentistaemelysotorosa.com\/wp-content\/uploads\/2022\/07\/Ortodoncia-invisible-3-1024x683.webp 1024w, https:\/\/dentistaemelysotorosa.com\/wp-content\/uploads\/2022\/07\/Ortodoncia-invisible-3-300x200.webp 300w, https:\/\/dentistaemelysotorosa.com\/wp-content\/uploads\/2022\/07\/Ortodoncia-invisible-3-768x512.webp 768w, https:\/\/dentistaemelysotorosa.com\/wp-content\/uploads\/2022\/07\/Ortodoncia-invisible-3-1536x1024.webp 1536w, https:\/\/dentistaemelysotorosa.com\/wp-content\/uploads\/2022\/07\/Ortodoncia-invisible-3.webp 1920w\" sizes=\"auto, (max-width: 1024px) 100vw, 1024px\" \/><\/div><\/div><\/figure><\/div><\/div><\/li><li class=\"kb-slide-item kb-gallery-slide-item\"><div class=\"kadence-blocks-gallery-item\"><div class=\"kadence-blocks-gallery-item-inner\"><figure class=\"kb-gallery-figure kadence-blocks-gallery-item-hide-caption\"><div class=\"kb-gal-image-radius\"><div class=\"kb-gallery-image-contain kadence-blocks-gallery-intrinsic kb-gallery-image-ratio-land32 kb-has-image-ratio-land32\" ><img loading=\"lazy\" decoding=\"async\" src=\"https:\/\/dentistaemelysotorosa.com\/wp-content\/uploads\/2022\/07\/Ortodoncia-invisible-2-1024x683.webp\" width=\"1024\" height=\"683\" alt=\"\" data-full-image=\"https:\/\/dentistaemelysotorosa.com\/wp-content\/uploads\/2022\/07\/Ortodoncia-invisible-2.webp\" data-light-image=\"https:\/\/dentistaemelysotorosa.com\/wp-content\/uploads\/2022\/07\/Ortodoncia-invisible-2.webp\" data-id=\"2461\" class=\"wp-image-2461 skip-lazy\" srcset=\"https:\/\/dentistaemelysotorosa.com\/wp-content\/uploads\/2022\/07\/Ortodoncia-invisible-2-1024x683.webp 1024w, https:\/\/dentistaemelysotorosa.com\/wp-content\/uploads\/2022\/07\/Ortodoncia-invisible-2-300x200.webp 300w, https:\/\/dentistaemelysotorosa.com\/wp-content\/uploads\/2022\/07\/Ortodoncia-invisible-2-768x512.webp 768w, https:\/\/dentistaemelysotorosa.com\/wp-content\/uploads\/2022\/07\/Ortodoncia-invisible-2-1536x1024.webp 1536w, https:\/\/dentistaemelysotorosa.com\/wp-content\/uploads\/2022\/07\/Ortodoncia-invisible-2.webp 1920w\" sizes=\"auto, (max-width: 1024px) 100vw, 1024px\" \/><\/div><\/div><\/figure><\/div><\/div><\/li><\/div><\/div><\/div><\/div>\n<h2 class=\"wp-block-heading\"><strong>A t\u00faa decisi\u00f3n importante: ortodoncia de calidade<\/strong><\/h2>\n\n<p>Lembra que a elecci\u00f3n do tratamento de ortodoncia \u00e9 fundamental. Avalado por datos e recomendaci\u00f3ns das asociaci\u00f3ns de odontolox\u00eda, tomar\u00e1s unha decisi\u00f3n informada para conseguir o sorriso que mereces. Consulta cun especialista en ortodoncia para obter unha orientaci\u00f3n personalizada e descubrir como a ortodoncia pode transformar o teu sorriso e a t\u00faa sa\u00fade dental nun cami\u00f1o a longo prazo cara a unha confianza renovada.<\/p>\n","protected":false},"excerpt":{"rendered":"<p>Listo para transformar o teu sorriso usando a ortodoncia? Antes de dar o paso, \u00e9 fundamental que esteas informado e preparado&#8230;.<\/p>\n","protected":false},"author":1,"featured_media":2790,"comment_status":"closed","ping_status":"closed","sticky":false,"template":"","format":"standard","meta":{"_kad_blocks_custom_css":"","_kad_blocks_head_custom_js":"","_kad_blocks_body_custom_js":"","_kad_blocks_footer_custom_js":"","_kadence_starter_templates_imported_post":false,"_kad_post_transparent":"","_kad_post_title":"","_kad_post_layout":"","_kad_post_sidebar_id":"","_kad_post_content_style":"","_kad_post_vertical_padding":"","_kad_post_feature":"","_kad_post_feature_position":"","_kad_post_header":false,"_kad_post_footer":false,"_joinchat":[],"footnotes":""},"categories":[14],"tags":[],"class_list":["post-2833","post","type-post","status-publish","format-standard","has-post-thumbnail","hentry","category-consellos-dentais"],"yoast_head":"<!-- This site is optimized with the Yoast SEO plugin v27.4 - https:\/\/yoast.com\/product\/yoast-seo-wordpress\/ -->\n<title>Antes de escoller brackets: o que debes saber - Dentista Dra. Emely Soto Rosa<\/title>\n<meta name=\"robots\" content=\"index, follow, max-snippet:-1, max-image-preview:large, max-video-preview:-1\" \/>\n<link rel=\"canonical\" href=\"https:\/\/dentistaemelysotorosa.com\/gl\/2022\/07\/13\/antes-de-escoller-brackets-o-que-debes-saber\/\" \/>\n<meta property=\"og:locale\" content=\"gl_ES\" \/>\n<meta property=\"og:type\" content=\"article\" \/>\n<meta property=\"og:title\" content=\"Antes de escoller brackets: o que debes saber - Dentista Dra. Emely Soto Rosa\" \/>\n<meta property=\"og:description\" content=\"Listo para transformar o teu sorriso usando a ortodoncia? Antes de dar o paso, \u00e9 fundamental que esteas informado e preparado....\" \/>\n<meta property=\"og:url\" content=\"https:\/\/dentistaemelysotorosa.com\/gl\/2022\/07\/13\/antes-de-escoller-brackets-o-que-debes-saber\/\" \/>\n<meta property=\"og:site_name\" content=\"Dentista Dra. Emely Soto Rosa\" \/>\n<meta property=\"article:publisher\" content=\"https:\/\/www.facebook.com\/p\/Dra-Emely-Soto-Rosa-100064094321105\/\" \/>\n<meta property=\"article:published_time\" content=\"2022-07-13T17:20:15+00:00\" \/>\n<meta property=\"article:modified_time\" content=\"2024-01-16T18:38:07+00:00\" \/>\n<meta property=\"og:image\" content=\"https:\/\/dentistaemelysotorosa.com\/wp-content\/uploads\/2022\/07\/Ortodoncia-foto-de-portada.webp\" \/>\n\t<meta property=\"og:image:width\" content=\"1920\" \/>\n\t<meta property=\"og:image:height\" content=\"1280\" \/>\n\t<meta property=\"og:image:type\" content=\"image\/webp\" \/>\n<meta name=\"author\" content=\"emelysoto\" \/>\n<meta name=\"twitter:card\" content=\"summary_large_image\" \/>\n<meta name=\"twitter:label1\" content=\"Escrito por\" \/>\n\t<meta name=\"twitter:data1\" content=\"emelysoto\" \/>\n\t<meta name=\"twitter:label2\" content=\"Tempo de lectura\" \/>\n\t<meta name=\"twitter:data2\" content=\"2 minutos\" \/>\n<script type=\"application\/ld+json\" class=\"yoast-schema-graph\">{\"@context\":\"https:\\\/\\\/schema.org\",\"@graph\":[{\"@type\":\"Article\",\"@id\":\"https:\\\/\\\/dentistaemelysotorosa.com\\\/gl\\\/2022\\\/07\\\/13\\\/antes-de-escoller-brackets-o-que-debes-saber\\\/#article\",\"isPartOf\":{\"@id\":\"https:\\\/\\\/dentistaemelysotorosa.com\\\/gl\\\/2022\\\/07\\\/13\\\/antes-de-escoller-brackets-o-que-debes-saber\\\/\"},\"author\":{\"name\":\"emelysoto\",\"@id\":\"https:\\\/\\\/dentistaemelysotorosa.com\\\/gl\\\/#\\\/schema\\\/person\\\/e41964002f457ac376fe9ce7da76f51f\"},\"headline\":\"Antes de escoller brackets: o que debes saber\",\"datePublished\":\"2022-07-13T17:20:15+00:00\",\"dateModified\":\"2024-01-16T18:38:07+00:00\",\"mainEntityOfPage\":{\"@id\":\"https:\\\/\\\/dentistaemelysotorosa.com\\\/gl\\\/2022\\\/07\\\/13\\\/antes-de-escoller-brackets-o-que-debes-saber\\\/\"},\"wordCount\":448,\"publisher\":{\"@id\":\"https:\\\/\\\/dentistaemelysotorosa.com\\\/gl\\\/#organization\"},\"image\":{\"@id\":\"https:\\\/\\\/dentistaemelysotorosa.com\\\/gl\\\/2022\\\/07\\\/13\\\/antes-de-escoller-brackets-o-que-debes-saber\\\/#primaryimage\"},\"thumbnailUrl\":\"https:\\\/\\\/dentistaemelysotorosa.com\\\/wp-content\\\/uploads\\\/2022\\\/07\\\/Ortodoncia-foto-de-portada.webp\",\"articleSection\":[\"Consellos Dentais\"],\"inLanguage\":\"gl-ES\"},{\"@type\":\"WebPage\",\"@id\":\"https:\\\/\\\/dentistaemelysotorosa.com\\\/gl\\\/2022\\\/07\\\/13\\\/antes-de-escoller-brackets-o-que-debes-saber\\\/\",\"url\":\"https:\\\/\\\/dentistaemelysotorosa.com\\\/gl\\\/2022\\\/07\\\/13\\\/antes-de-escoller-brackets-o-que-debes-saber\\\/\",\"name\":\"Antes de escoller brackets: o que debes saber - Dentista Dra. Emely Soto Rosa\",\"isPartOf\":{\"@id\":\"https:\\\/\\\/dentistaemelysotorosa.com\\\/gl\\\/#website\"},\"primaryImageOfPage\":{\"@id\":\"https:\\\/\\\/dentistaemelysotorosa.com\\\/gl\\\/2022\\\/07\\\/13\\\/antes-de-escoller-brackets-o-que-debes-saber\\\/#primaryimage\"},\"image\":{\"@id\":\"https:\\\/\\\/dentistaemelysotorosa.com\\\/gl\\\/2022\\\/07\\\/13\\\/antes-de-escoller-brackets-o-que-debes-saber\\\/#primaryimage\"},\"thumbnailUrl\":\"https:\\\/\\\/dentistaemelysotorosa.com\\\/wp-content\\\/uploads\\\/2022\\\/07\\\/Ortodoncia-foto-de-portada.webp\",\"datePublished\":\"2022-07-13T17:20:15+00:00\",\"dateModified\":\"2024-01-16T18:38:07+00:00\",\"breadcrumb\":{\"@id\":\"https:\\\/\\\/dentistaemelysotorosa.com\\\/gl\\\/2022\\\/07\\\/13\\\/antes-de-escoller-brackets-o-que-debes-saber\\\/#breadcrumb\"},\"inLanguage\":\"gl-ES\",\"potentialAction\":[{\"@type\":\"ReadAction\",\"target\":[\"https:\\\/\\\/dentistaemelysotorosa.com\\\/gl\\\/2022\\\/07\\\/13\\\/antes-de-escoller-brackets-o-que-debes-saber\\\/\"]}]},{\"@type\":\"ImageObject\",\"inLanguage\":\"gl-ES\",\"@id\":\"https:\\\/\\\/dentistaemelysotorosa.com\\\/gl\\\/2022\\\/07\\\/13\\\/antes-de-escoller-brackets-o-que-debes-saber\\\/#primaryimage\",\"url\":\"https:\\\/\\\/dentistaemelysotorosa.com\\\/wp-content\\\/uploads\\\/2022\\\/07\\\/Ortodoncia-foto-de-portada.webp\",\"contentUrl\":\"https:\\\/\\\/dentistaemelysotorosa.com\\\/wp-content\\\/uploads\\\/2022\\\/07\\\/Ortodoncia-foto-de-portada.webp\",\"width\":1920,\"height\":1280},{\"@type\":\"BreadcrumbList\",\"@id\":\"https:\\\/\\\/dentistaemelysotorosa.com\\\/gl\\\/2022\\\/07\\\/13\\\/antes-de-escoller-brackets-o-que-debes-saber\\\/#breadcrumb\",\"itemListElement\":[{\"@type\":\"ListItem\",\"position\":1,\"name\":\"Portada\",\"item\":\"https:\\\/\\\/dentistaemelysotorosa.com\\\/gl\\\/\"},{\"@type\":\"ListItem\",\"position\":2,\"name\":\"Antes de escoller brackets: o que debes saber\"}]},{\"@type\":\"WebSite\",\"@id\":\"https:\\\/\\\/dentistaemelysotorosa.com\\\/gl\\\/#website\",\"url\":\"https:\\\/\\\/dentistaemelysotorosa.com\\\/gl\\\/\",\"name\":\"Dentista Dra. Emely Soto Rosa\",\"description\":\"Sitio web de Dentista Dra. Emely Soto Rosa\",\"publisher\":{\"@id\":\"https:\\\/\\\/dentistaemelysotorosa.com\\\/gl\\\/#organization\"},\"potentialAction\":[{\"@type\":\"SearchAction\",\"target\":{\"@type\":\"EntryPoint\",\"urlTemplate\":\"https:\\\/\\\/dentistaemelysotorosa.com\\\/gl\\\/?s={search_term_string}\"},\"query-input\":{\"@type\":\"PropertyValueSpecification\",\"valueRequired\":true,\"valueName\":\"search_term_string\"}}],\"inLanguage\":\"gl-ES\"},{\"@type\":\"Organization\",\"@id\":\"https:\\\/\\\/dentistaemelysotorosa.com\\\/gl\\\/#organization\",\"name\":\"Dentista Dra. Emely Soto Rosa\",\"url\":\"https:\\\/\\\/dentistaemelysotorosa.com\\\/gl\\\/\",\"logo\":{\"@type\":\"ImageObject\",\"inLanguage\":\"gl-ES\",\"@id\":\"https:\\\/\\\/dentistaemelysotorosa.com\\\/gl\\\/#\\\/schema\\\/logo\\\/image\\\/\",\"url\":\"https:\\\/\\\/dentistaemelysotorosa.com\\\/wp-content\\\/uploads\\\/2023\\\/08\\\/diente-del-logo-menor-tamano.webp\",\"contentUrl\":\"https:\\\/\\\/dentistaemelysotorosa.com\\\/wp-content\\\/uploads\\\/2023\\\/08\\\/diente-del-logo-menor-tamano.webp\",\"width\":80,\"height\":80,\"caption\":\"Dentista Dra. Emely Soto Rosa\"},\"image\":{\"@id\":\"https:\\\/\\\/dentistaemelysotorosa.com\\\/gl\\\/#\\\/schema\\\/logo\\\/image\\\/\"},\"sameAs\":[\"https:\\\/\\\/www.facebook.com\\\/p\\\/Dra-Emely-Soto-Rosa-100064094321105\\\/\",\"https:\\\/\\\/www.tiktok.com\\\/@emelysoto26\"]},{\"@type\":\"Person\",\"@id\":\"https:\\\/\\\/dentistaemelysotorosa.com\\\/gl\\\/#\\\/schema\\\/person\\\/e41964002f457ac376fe9ce7da76f51f\",\"name\":\"emelysoto\",\"image\":{\"@type\":\"ImageObject\",\"inLanguage\":\"gl-ES\",\"@id\":\"https:\\\/\\\/dentistaemelysotorosa.com\\\/wp-content\\\/litespeed\\\/avatar\\\/a25b28e162481d2be8e7f3bff0f8f91a.jpg?ver=1777302732\",\"url\":\"https:\\\/\\\/dentistaemelysotorosa.com\\\/wp-content\\\/litespeed\\\/avatar\\\/a25b28e162481d2be8e7f3bff0f8f91a.jpg?ver=1777302732\",\"contentUrl\":\"https:\\\/\\\/dentistaemelysotorosa.com\\\/wp-content\\\/litespeed\\\/avatar\\\/a25b28e162481d2be8e7f3bff0f8f91a.jpg?ver=1777302732\",\"caption\":\"emelysoto\"},\"sameAs\":[\"https:\\\/\\\/dentistaemelysotorosa.com\"],\"url\":\"https:\\\/\\\/dentistaemelysotorosa.com\\\/gl\\\/author\\\/emelysoto\\\/\"}]}<\/script>\n<!-- \/ Yoast SEO plugin. -->","yoast_head_json":{"title":"Antes de escoller brackets: o que debes saber - Dentista Dra. Emely Soto Rosa","robots":{"index":"index","follow":"follow","max-snippet":"max-snippet:-1","max-image-preview":"max-image-preview:large","max-video-preview":"max-video-preview:-1"},"canonical":"https:\/\/dentistaemelysotorosa.com\/gl\/2022\/07\/13\/antes-de-escoller-brackets-o-que-debes-saber\/","og_locale":"gl_ES","og_type":"article","og_title":"Antes de escoller brackets: o que debes saber - Dentista Dra. Emely Soto Rosa","og_description":"Listo para transformar o teu sorriso usando a ortodoncia? Antes de dar o paso, \u00e9 fundamental que esteas informado e preparado....","og_url":"https:\/\/dentistaemelysotorosa.com\/gl\/2022\/07\/13\/antes-de-escoller-brackets-o-que-debes-saber\/","og_site_name":"Dentista Dra. Emely Soto Rosa","article_publisher":"https:\/\/www.facebook.com\/p\/Dra-Emely-Soto-Rosa-100064094321105\/","article_published_time":"2022-07-13T17:20:15+00:00","article_modified_time":"2024-01-16T18:38:07+00:00","og_image":[{"width":1920,"height":1280,"url":"https:\/\/dentistaemelysotorosa.com\/wp-content\/uploads\/2022\/07\/Ortodoncia-foto-de-portada.webp","type":"image\/webp"}],"author":"emelysoto","twitter_card":"summary_large_image","twitter_misc":{"Escrito por":"emelysoto","Tempo de lectura":"2 minutos"},"schema":{"@context":"https:\/\/schema.org","@graph":[{"@type":"Article","@id":"https:\/\/dentistaemelysotorosa.com\/gl\/2022\/07\/13\/antes-de-escoller-brackets-o-que-debes-saber\/#article","isPartOf":{"@id":"https:\/\/dentistaemelysotorosa.com\/gl\/2022\/07\/13\/antes-de-escoller-brackets-o-que-debes-saber\/"},"author":{"name":"emelysoto","@id":"https:\/\/dentistaemelysotorosa.com\/gl\/#\/schema\/person\/e41964002f457ac376fe9ce7da76f51f"},"headline":"Antes de escoller brackets: o que debes saber","datePublished":"2022-07-13T17:20:15+00:00","dateModified":"2024-01-16T18:38:07+00:00","mainEntityOfPage":{"@id":"https:\/\/dentistaemelysotorosa.com\/gl\/2022\/07\/13\/antes-de-escoller-brackets-o-que-debes-saber\/"},"wordCount":448,"publisher":{"@id":"https:\/\/dentistaemelysotorosa.com\/gl\/#organization"},"image":{"@id":"https:\/\/dentistaemelysotorosa.com\/gl\/2022\/07\/13\/antes-de-escoller-brackets-o-que-debes-saber\/#primaryimage"},"thumbnailUrl":"https:\/\/dentistaemelysotorosa.com\/wp-content\/uploads\/2022\/07\/Ortodoncia-foto-de-portada.webp","articleSection":["Consellos Dentais"],"inLanguage":"gl-ES"},{"@type":"WebPage","@id":"https:\/\/dentistaemelysotorosa.com\/gl\/2022\/07\/13\/antes-de-escoller-brackets-o-que-debes-saber\/","url":"https:\/\/dentistaemelysotorosa.com\/gl\/2022\/07\/13\/antes-de-escoller-brackets-o-que-debes-saber\/","name":"Antes de escoller brackets: o que debes saber - Dentista Dra. Emely Soto Rosa","isPartOf":{"@id":"https:\/\/dentistaemelysotorosa.com\/gl\/#website"},"primaryImageOfPage":{"@id":"https:\/\/dentistaemelysotorosa.com\/gl\/2022\/07\/13\/antes-de-escoller-brackets-o-que-debes-saber\/#primaryimage"},"image":{"@id":"https:\/\/dentistaemelysotorosa.com\/gl\/2022\/07\/13\/antes-de-escoller-brackets-o-que-debes-saber\/#primaryimage"},"thumbnailUrl":"https:\/\/dentistaemelysotorosa.com\/wp-content\/uploads\/2022\/07\/Ortodoncia-foto-de-portada.webp","datePublished":"2022-07-13T17:20:15+00:00","dateModified":"2024-01-16T18:38:07+00:00","breadcrumb":{"@id":"https:\/\/dentistaemelysotorosa.com\/gl\/2022\/07\/13\/antes-de-escoller-brackets-o-que-debes-saber\/#breadcrumb"},"inLanguage":"gl-ES","potentialAction":[{"@type":"ReadAction","target":["https:\/\/dentistaemelysotorosa.com\/gl\/2022\/07\/13\/antes-de-escoller-brackets-o-que-debes-saber\/"]}]},{"@type":"ImageObject","inLanguage":"gl-ES","@id":"https:\/\/dentistaemelysotorosa.com\/gl\/2022\/07\/13\/antes-de-escoller-brackets-o-que-debes-saber\/#primaryimage","url":"https:\/\/dentistaemelysotorosa.com\/wp-content\/uploads\/2022\/07\/Ortodoncia-foto-de-portada.webp","contentUrl":"https:\/\/dentistaemelysotorosa.com\/wp-content\/uploads\/2022\/07\/Ortodoncia-foto-de-portada.webp","width":1920,"height":1280},{"@type":"BreadcrumbList","@id":"https:\/\/dentistaemelysotorosa.com\/gl\/2022\/07\/13\/antes-de-escoller-brackets-o-que-debes-saber\/#breadcrumb","itemListElement":[{"@type":"ListItem","position":1,"name":"Portada","item":"https:\/\/dentistaemelysotorosa.com\/gl\/"},{"@type":"ListItem","position":2,"name":"Antes de escoller brackets: o que debes saber"}]},{"@type":"WebSite","@id":"https:\/\/dentistaemelysotorosa.com\/gl\/#website","url":"https:\/\/dentistaemelysotorosa.com\/gl\/","name":"Dentista Dra. Emely Soto Rosa","description":"Sitio web de Dentista Dra. Emely Soto Rosa","publisher":{"@id":"https:\/\/dentistaemelysotorosa.com\/gl\/#organization"},"potentialAction":[{"@type":"SearchAction","target":{"@type":"EntryPoint","urlTemplate":"https:\/\/dentistaemelysotorosa.com\/gl\/?s={search_term_string}"},"query-input":{"@type":"PropertyValueSpecification","valueRequired":true,"valueName":"search_term_string"}}],"inLanguage":"gl-ES"},{"@type":"Organization","@id":"https:\/\/dentistaemelysotorosa.com\/gl\/#organization","name":"Dentista Dra. Emely Soto Rosa","url":"https:\/\/dentistaemelysotorosa.com\/gl\/","logo":{"@type":"ImageObject","inLanguage":"gl-ES","@id":"https:\/\/dentistaemelysotorosa.com\/gl\/#\/schema\/logo\/image\/","url":"https:\/\/dentistaemelysotorosa.com\/wp-content\/uploads\/2023\/08\/diente-del-logo-menor-tamano.webp","contentUrl":"https:\/\/dentistaemelysotorosa.com\/wp-content\/uploads\/2023\/08\/diente-del-logo-menor-tamano.webp","width":80,"height":80,"caption":"Dentista Dra. Emely Soto Rosa"},"image":{"@id":"https:\/\/dentistaemelysotorosa.com\/gl\/#\/schema\/logo\/image\/"},"sameAs":["https:\/\/www.facebook.com\/p\/Dra-Emely-Soto-Rosa-100064094321105\/","https:\/\/www.tiktok.com\/@emelysoto26"]},{"@type":"Person","@id":"https:\/\/dentistaemelysotorosa.com\/gl\/#\/schema\/person\/e41964002f457ac376fe9ce7da76f51f","name":"emelysoto","image":{"@type":"ImageObject","inLanguage":"gl-ES","@id":"https:\/\/dentistaemelysotorosa.com\/wp-content\/litespeed\/avatar\/a25b28e162481d2be8e7f3bff0f8f91a.jpg?ver=1777302732","url":"https:\/\/dentistaemelysotorosa.com\/wp-content\/litespeed\/avatar\/a25b28e162481d2be8e7f3bff0f8f91a.jpg?ver=1777302732","contentUrl":"https:\/\/dentistaemelysotorosa.com\/wp-content\/litespeed\/avatar\/a25b28e162481d2be8e7f3bff0f8f91a.jpg?ver=1777302732","caption":"emelysoto"},"sameAs":["https:\/\/dentistaemelysotorosa.com"],"url":"https:\/\/dentistaemelysotorosa.com\/gl\/author\/emelysoto\/"}]}},"taxonomy_info":{"category":[{"value":14,"label":"Consellos Dentais"}]},"featured_image_src_large":["https:\/\/dentistaemelysotorosa.com\/wp-content\/uploads\/2022\/07\/Ortodoncia-foto-de-portada-1024x683.webp",1024,683,true],"author_info":{"display_name":"emelysoto","author_link":"https:\/\/dentistaemelysotorosa.com\/gl\/author\/emelysoto\/"},"comment_info":0,"category_info":[{"term_id":14,"name":"Consellos Dentais","slug":"consellos-dentais","term_group":0,"term_taxonomy_id":14,"taxonomy":"category","description":"","parent":0,"count":5,"filter":"raw","cat_ID":14,"category_count":5,"category_description":"","cat_name":"Consellos Dentais","category_nicename":"consellos-dentais","category_parent":0}],"tag_info":false,"_links":{"self":[{"href":"https:\/\/dentistaemelysotorosa.com\/gl\/wp-json\/wp\/v2\/posts\/2833","targetHints":{"allow":["GET"]}}],"collection":[{"href":"https:\/\/dentistaemelysotorosa.com\/gl\/wp-json\/wp\/v2\/posts"}],"about":[{"href":"https:\/\/dentistaemelysotorosa.com\/gl\/wp-json\/wp\/v2\/types\/post"}],"author":[{"embeddable":true,"href":"https:\/\/dentistaemelysotorosa.com\/gl\/wp-json\/wp\/v2\/users\/1"}],"replies":[{"embeddable":true,"href":"https:\/\/dentistaemelysotorosa.com\/gl\/wp-json\/wp\/v2\/comments?post=2833"}],"version-history":[{"count":0,"href":"https:\/\/dentistaemelysotorosa.com\/gl\/wp-json\/wp\/v2\/posts\/2833\/revisions"}],"wp:featuredmedia":[{"embeddable":true,"href":"https:\/\/dentistaemelysotorosa.com\/gl\/wp-json\/wp\/v2\/media\/2790"}],"wp:attachment":[{"href":"https:\/\/dentistaemelysotorosa.com\/gl\/wp-json\/wp\/v2\/media?parent=2833"}],"wp:term":[{"taxonomy":"category","embeddable":true,"href":"https:\/\/dentistaemelysotorosa.com\/gl\/wp-json\/wp\/v2\/categories?post=2833"},{"taxonomy":"post_tag","embeddable":true,"href":"https:\/\/dentistaemelysotorosa.com\/gl\/wp-json\/wp\/v2\/tags?post=2833"}],"curies":[{"name":"wp","href":"https:\/\/api.w.org\/{rel}","templated":true}]}}